{"id":7480,"date":"2020-06-24T12:34:36","date_gmt":"2020-06-24T12:34:36","guid":{"rendered":"https:\/\/oparanews.com.br\/?p=7480"},"modified":"2020-06-24T12:34:36","modified_gmt":"2020-06-24T12:34:36","slug":"fla-revela-que-tomara-atitude-contra-a-globo-por-transmissao-propria","status":"publish","type":"post","link":"https:\/\/www.oparanews.com.br\/index.php\/2020\/06\/24\/fla-revela-que-tomara-atitude-contra-a-globo-por-transmissao-propria\/","title":{"rendered":"Fla revela que tomar\u00e1 atitude contra a Globo por transmiss\u00e3o pr\u00f3pria"},"content":{"rendered":"<p>A disputa entre Flamengo e a Globo segue firme e forte. Ap\u00f3s a emissora notificar o Rubro-Negro para que desconsidere os efeitos da Medida Provis\u00f3ria que garante aos clubes mandantes a prerrogativa de negociar os seus direitos, o time preparou o contra-ataque.<\/p>\n<p>Segundo informa\u00e7\u00f5es do UOL, o Fla vai notificar o canal e j\u00e1 preparou o documento, que depende apenas da assinatura de Rodrigo Dunshee, vice jur\u00eddico do clube, para ser encaminhada para a antiga parceira.<\/p>\n<p>O clube pede que a Globo se abstenha de impedir a transmiss\u00e3o em alguma outra emissora ou plataforma pr\u00f3pria do clube de seus jogos futuros.<\/p>\n<p>\u201cA Globo ser\u00e1 notificada para que se abstenha. Vamos responder a notifica\u00e7\u00e3o e pedir que ela se abstenha. H\u00e1 uma disputa comercial e o contrato deixa claro que eles n\u00e3o t\u00eam direito em rela\u00e7\u00e3o ao Flamengo\u201d, disse o dirigente \u00e0 publica\u00e7\u00e3o.<\/p>\n<p>\u201cPodemos ceder nossos direitos por n\u00e3o termos contrato e estamos livres para exercermos o direito reconhecido por lei\u201d, completou Dunshee, que est\u00e1 atr\u00e1s de parcerias com empresas para a exibi\u00e7\u00e3o da partida contra o Boavista, ainda sem data marcada.<\/p>\n<p>&nbsp;<\/p>\n<p><strong>Fonte: RD1<\/strong><\/p>\n<p>&nbsp;<\/p>\n","protected":false},"excerpt":{"rendered":"<p>A disputa entre Flamengo e a Globo segue firme e forte. Ap\u00f3s a emissora notificar o Rubro-Negro para que desconsidere os efeitos da Medida Provis\u00f3ria que garante aos clubes mandantes a prerrogativa de negociar os seus direitos, o time preparou o contra-ataque. Segundo informa\u00e7\u00f5es do UOL, o Fla vai notificar o canal e j\u00e1 preparou &hellip;<\/p>\n","protected":false},"author":1,"featured_media":7481,"comment_status":"open","ping_status":"open","sticky":false,"template":"","format":"standard","meta":{"_jetpack_newsletter_access":"","_jetpack_dont_email_post_to_subs":false,"_jetpack_newsletter_tier_id":0,"_jetpack_memberships_contains_paywalled_content":false,"_jetpack_memberships_contains_paid_content":false,"footnotes":""},"categories":[1],"tags":[],"class_list":["post-7480","post","type-post","status-publish","format-standard","has-post-thumbnail","hentry","category-destaque"],"jetpack_sharing_enabled":true,"jetpack_featured_media_url":"","_links":{"self":[{"href":"https:\/\/www.oparanews.com.br\/index.php\/wp-json\/wp\/v2\/posts\/7480","targetHints":{"allow":["GET"]}}],"collection":[{"href":"https:\/\/www.oparanews.com.br\/index.php\/wp-json\/wp\/v2\/posts"}],"about":[{"href":"https:\/\/www.oparanews.com.br\/index.php\/wp-json\/wp\/v2\/types\/post"}],"author":[{"embeddable":true,"href":"https:\/\/www.oparanews.com.br\/index.php\/wp-json\/wp\/v2\/users\/1"}],"replies":[{"embeddable":true,"href":"https:\/\/www.oparanews.com.br\/index.php\/wp-json\/wp\/v2\/comments?post=7480"}],"version-history":[{"count":0,"href":"https:\/\/www.oparanews.com.br\/index.php\/wp-json\/wp\/v2\/posts\/7480\/revisions"}],"wp:attachment":[{"href":"https:\/\/www.oparanews.com.br\/index.php\/wp-json\/wp\/v2\/media?parent=7480"}],"wp:term":[{"taxonomy":"category","embeddable":true,"href":"https:\/\/www.oparanews.com.br\/index.php\/wp-json\/wp\/v2\/categories?post=7480"},{"taxonomy":"post_tag","embeddable":true,"href":"https:\/\/www.oparanews.com.br\/index.php\/wp-json\/wp\/v2\/tags?post=7480"}],"curies":[{"name":"wp","href":"https:\/\/api.w.org\/{rel}","templated":true}]}}