{"id":7487,"date":"2020-06-24T12:40:38","date_gmt":"2020-06-24T12:40:38","guid":{"rendered":"https:\/\/oparanews.com.br\/?p=7487"},"modified":"2020-06-24T12:40:38","modified_gmt":"2020-06-24T12:40:38","slug":"mario-frias-toma-posse-na-secretaria-especial-de-cultura","status":"publish","type":"post","link":"https:\/\/www.oparanews.com.br\/index.php\/2020\/06\/24\/mario-frias-toma-posse-na-secretaria-especial-de-cultura\/","title":{"rendered":"M\u00e1rio Frias toma posse na Secretaria Especial de Cultura"},"content":{"rendered":"<p>O ator M\u00e1rio Frias tomou posse como novo secret\u00e1rio Especial de Cultura nesta ter\u00e7a, em cerim\u00f4nia fechada, ao lado do ministro do Turismo, Marcelo \u00c1lvaro Ant\u00f4nio. As informa\u00e7\u00f5es foram publicadas no portal do MTur.<\/p>\n<p>O ex-ator de Malha\u00e7\u00e3o, da TV Globo, ser\u00e1 respons\u00e1vel pela formula\u00e7\u00e3o de pol\u00edticas p\u00fablicas, e projetos que promovam o setor cultural no Pa\u00eds. A nomea\u00e7\u00e3o de M\u00e1rio Frias foi publicada na \u00faltima sexta, 19, no Di\u00e1rio Oficial da Uni\u00e3o.<\/p>\n<p>O secret\u00e1rio-adjunto, Pedro Jos\u00e9 Vilar Godoy Horta, tamb\u00e9m tomou posse ontem.<\/p>\n<p>&nbsp;<\/p>\n<p><strong>Fonte: Terra<\/strong><\/p>\n<p>&nbsp;<\/p>\n","protected":false},"excerpt":{"rendered":"<p>O ator M\u00e1rio Frias tomou posse como novo secret\u00e1rio Especial de Cultura nesta ter\u00e7a, em cerim\u00f4nia fechada, ao lado do ministro do Turismo, Marcelo \u00c1lvaro Ant\u00f4nio. As informa\u00e7\u00f5es foram publicadas no portal do MTur. O ex-ator de Malha\u00e7\u00e3o, da TV Globo, ser\u00e1 respons\u00e1vel pela formula\u00e7\u00e3o de pol\u00edticas p\u00fablicas, e projetos que promovam o setor cultural &hellip;<\/p>\n","protected":false},"author":1,"featured_media":7488,"comment_status":"open","ping_status":"open","sticky":false,"template":"","format":"standard","meta":{"_jetpack_newsletter_access":"","_jetpack_dont_email_post_to_subs":false,"_jetpack_newsletter_tier_id":0,"_jetpack_memberships_contains_paywalled_content":false,"_jetpack_memberships_contains_paid_content":false,"footnotes":""},"categories":[1],"tags":[],"class_list":["post-7487","post","type-post","status-publish","format-standard","has-post-thumbnail","hentry","category-destaque"],"jetpack_sharing_enabled":true,"jetpack_featured_media_url":"","_links":{"self":[{"href":"https:\/\/www.oparanews.com.br\/index.php\/wp-json\/wp\/v2\/posts\/7487","targetHints":{"allow":["GET"]}}],"collection":[{"href":"https:\/\/www.oparanews.com.br\/index.php\/wp-json\/wp\/v2\/posts"}],"about":[{"href":"https:\/\/www.oparanews.com.br\/index.php\/wp-json\/wp\/v2\/types\/post"}],"author":[{"embeddable":true,"href":"https:\/\/www.oparanews.com.br\/index.php\/wp-json\/wp\/v2\/users\/1"}],"replies":[{"embeddable":true,"href":"https:\/\/www.oparanews.com.br\/index.php\/wp-json\/wp\/v2\/comments?post=7487"}],"version-history":[{"count":0,"href":"https:\/\/www.oparanews.com.br\/index.php\/wp-json\/wp\/v2\/posts\/7487\/revisions"}],"wp:attachment":[{"href":"https:\/\/www.oparanews.com.br\/index.php\/wp-json\/wp\/v2\/media?parent=7487"}],"wp:term":[{"taxonomy":"category","embeddable":true,"href":"https:\/\/www.oparanews.com.br\/index.php\/wp-json\/wp\/v2\/categories?post=7487"},{"taxonomy":"post_tag","embeddable":true,"href":"https:\/\/www.oparanews.com.br\/index.php\/wp-json\/wp\/v2\/tags?post=7487"}],"curies":[{"name":"wp","href":"https:\/\/api.w.org\/{rel}","templated":true}]}}