{"id":7491,"date":"2020-06-24T12:44:15","date_gmt":"2020-06-24T12:44:15","guid":{"rendered":"https:\/\/oparanews.com.br\/?p=7491"},"modified":"2020-06-24T12:44:15","modified_gmt":"2020-06-24T12:44:15","slug":"comunidades-indigenas-em-palmeira-dos-indios-sao-desinfectadas-contra-o-novo-coronavirus","status":"publish","type":"post","link":"https:\/\/www.oparanews.com.br\/index.php\/2020\/06\/24\/comunidades-indigenas-em-palmeira-dos-indios-sao-desinfectadas-contra-o-novo-coronavirus\/","title":{"rendered":"Comunidades ind\u00edgenas em Palmeira dos \u00cdndios s\u00e3o desinfectadas contra o novo coronav\u00edrus"},"content":{"rendered":"<p>Comunidades ind\u00edgenas e ruas e locais p\u00fablicos do munic\u00edpio de Palmeira dos \u00cdndios, no Agreste de Alagoas, foram descontaminadas e desinfectadas por militares do 59\u00b0 Batalh\u00e3o de Infantaria Motorizada, do Ex\u00e9rcito Brasileiro, nesta ter\u00e7a-feira (23). A medida \u00e9 para proteger a popula\u00e7\u00e3o contra o novo coronav\u00edrus.<\/p>\n<p>O Distrito Sanit\u00e1rio Especial Ind\u00edgena (DSEI), que compreende regi\u00f5es de Alagoas e Sergipe, tem uma morte, 44 casos confirmados e 22 suspeitos de Covid-19, de acordo com mais recente boletim epidemiol\u00f3gico da Secretaria Especial de Sa\u00fade Ind\u00edgena (Sesai).<\/p>\n<p>As comunidades ind\u00edgenas desinfectadas foram as aldeias Riacho Fundo; Serra do Amaro; Coit\u00e9; Mata da Cafurna; e Fazenda Canto.<\/p>\n<p>A a\u00e7\u00e3o \u00e9 uma parceria do Ex\u00e9rcito com a Prefeitura e contou tamb\u00e9m com o apoio da Sa\u00fade Ind\u00edgena.<\/p>\n<p>O Ex\u00e9rcito j\u00e1 havia realizado a\u00e7\u00f5es na cidade, mas essa foi a primeira vez que o trabalho de desinfec\u00e7\u00e3o e descontamina\u00e7\u00e3o foi realizada em aldeias ind\u00edgenas.<\/p>\n<p>A a\u00e7\u00e3o contou com 15 militares do Ex\u00e9rcito, dois caminh\u00f5es, um carro-pipa, agentes da SMTT e da Secretaria Municipal de Urbanismo.<\/p>\n<p>&nbsp;<\/p>\n<p><strong>Fonte: G1\/AL<\/strong><\/p>\n<p>&nbsp;<\/p>\n","protected":false},"excerpt":{"rendered":"<p>Comunidades ind\u00edgenas e ruas e locais p\u00fablicos do munic\u00edpio de Palmeira dos \u00cdndios, no Agreste de Alagoas, foram descontaminadas e desinfectadas por militares do 59\u00b0 Batalh\u00e3o de Infantaria Motorizada, do Ex\u00e9rcito Brasileiro, nesta ter\u00e7a-feira (23). A medida \u00e9 para proteger a popula\u00e7\u00e3o contra o novo coronav\u00edrus. O Distrito Sanit\u00e1rio Especial Ind\u00edgena (DSEI), que compreende regi\u00f5es &hellip;<\/p>\n","protected":false},"author":1,"featured_media":7492,"comment_status":"open","ping_status":"open","sticky":false,"template":"","format":"standard","meta":{"_jetpack_newsletter_access":"","_jetpack_dont_email_post_to_subs":false,"_jetpack_newsletter_tier_id":0,"_jetpack_memberships_contains_paywalled_content":false,"_jetpack_memberships_contains_paid_content":false,"footnotes":""},"categories":[1],"tags":[],"class_list":["post-7491","post","type-post","status-publish","format-standard","has-post-thumbnail","hentry","category-destaque"],"jetpack_sharing_enabled":true,"jetpack_featured_media_url":"","_links":{"self":[{"href":"https:\/\/www.oparanews.com.br\/index.php\/wp-json\/wp\/v2\/posts\/7491","targetHints":{"allow":["GET"]}}],"collection":[{"href":"https:\/\/www.oparanews.com.br\/index.php\/wp-json\/wp\/v2\/posts"}],"about":[{"href":"https:\/\/www.oparanews.com.br\/index.php\/wp-json\/wp\/v2\/types\/post"}],"author":[{"embeddable":true,"href":"https:\/\/www.oparanews.com.br\/index.php\/wp-json\/wp\/v2\/users\/1"}],"replies":[{"embeddable":true,"href":"https:\/\/www.oparanews.com.br\/index.php\/wp-json\/wp\/v2\/comments?post=7491"}],"version-history":[{"count":0,"href":"https:\/\/www.oparanews.com.br\/index.php\/wp-json\/wp\/v2\/posts\/7491\/revisions"}],"wp:attachment":[{"href":"https:\/\/www.oparanews.com.br\/index.php\/wp-json\/wp\/v2\/media?parent=7491"}],"wp:term":[{"taxonomy":"category","embeddable":true,"href":"https:\/\/www.oparanews.com.br\/index.php\/wp-json\/wp\/v2\/categories?post=7491"},{"taxonomy":"post_tag","embeddable":true,"href":"https:\/\/www.oparanews.com.br\/index.php\/wp-json\/wp\/v2\/tags?post=7491"}],"curies":[{"name":"wp","href":"https:\/\/api.w.org\/{rel}","templated":true}]}}