{"id":7494,"date":"2020-06-24T12:48:32","date_gmt":"2020-06-24T12:48:32","guid":{"rendered":"https:\/\/oparanews.com.br\/?p=7494"},"modified":"2020-06-24T12:48:32","modified_gmt":"2020-06-24T12:48:32","slug":"aulas-presenciais-em-al-retornam-apenas-na-ultima-etapa-do-plano-de-reabertura","status":"publish","type":"post","link":"https:\/\/www.oparanews.com.br\/index.php\/2020\/06\/24\/aulas-presenciais-em-al-retornam-apenas-na-ultima-etapa-do-plano-de-reabertura\/","title":{"rendered":"Aulas presenciais em AL retornam apenas na \u00faltima etapa do plano de reabertura"},"content":{"rendered":"<p>Seguindo o Plano de Distanciamento Social Controlado, que foi apresentado pelo Governo de Alagoas, as aulas presenciais das Redes P\u00fablica e Privada de ensino ser\u00e3o retomadas apenas na Fase Verde &#8211; a \u00faltima etapa. O documento, que estabelece a forma da reabertura econ\u00f4mica afetada pela pandemia do ovo coronav\u00edrus (Covid-19), foi publicado em edi\u00e7\u00e3o suplementar do Di\u00e1rio Oficial do Estado (DOE), nessa segunda-feira (22).<\/p>\n<p>A Fase Verde, que ainda n\u00e3o tem data para iniciar, s\u00f3 ser\u00e1 aplicada ap\u00f3s a conclus\u00e3o das fases Vermelha (etapa atual), Laranja, Amarela e Azul. Na Fase Verde, tamb\u00e9m ser\u00e1 autorizada a retomada do servi\u00e7o p\u00fablico presencial, eventos sociais e a reabertura de cinemas, teatros e museus.<\/p>\n<p>&#8220;Ficam suspensas todas as aulas presenciais nas escolas, universidades e faculdades das Redes de Ensino P\u00fablica e Privada no Estado de Alagoas, sem preju\u00edzo do cumprimento do calend\u00e1rio letivo, observando-se o Decreto Estadual n\u00ba 69.527, de 2020, apenas retornando as aulas presenciais quando o Estado de Alagoas estiver na Fase Verde&#8221;, diz trecho do decreto.<\/p>\n<p>No dia 19 de junho, a Secretaria de Estado da Educa\u00e7\u00e3o (SEDUC) regulamentou por meio da Portaria 7651\/2020, a substitui\u00e7\u00e3o das aulas presenciais, que est\u00e3o suspensas desde o dia 23 de mar\u00e7o, pelas atividades pedag\u00f3gicas desenvolvidas de forma remota.<\/p>\n<p>Segundo a portaria, as atividades n\u00e3o presenciais ser\u00e3o consideradas como efetivo trabalho escolar &#8211; ou seja, contar\u00e3o como dias letivos &#8211; e a carga hor\u00e1ria trabalhada &#8220;ser\u00e1 utilizada para a substitui\u00e7\u00e3o de carga hor\u00e1ria presencial&#8221;.<\/p>\n<p>&nbsp;<\/p>\n<p><strong>Com informa\u00e7\u00f5es da assessoria de imprensa da Ag\u00eancia Alagoas<\/strong><\/p>\n<p>&nbsp;<\/p>\n","protected":false},"excerpt":{"rendered":"<p>Seguindo o Plano de Distanciamento Social Controlado, que foi apresentado pelo Governo de Alagoas, as aulas presenciais das Redes P\u00fablica e Privada de ensino ser\u00e3o retomadas apenas na Fase Verde &#8211; a \u00faltima etapa. O documento, que estabelece a forma da reabertura econ\u00f4mica afetada pela pandemia do ovo coronav\u00edrus (Covid-19), foi publicado em edi\u00e7\u00e3o suplementar &hellip;<\/p>\n","protected":false},"author":1,"featured_media":7495,"comment_status":"open","ping_status":"open","sticky":false,"template":"","format":"standard","meta":{"_jetpack_newsletter_access":"","_jetpack_dont_email_post_to_subs":false,"_jetpack_newsletter_tier_id":0,"_jetpack_memberships_contains_paywalled_content":false,"_jetpack_memberships_contains_paid_content":false,"footnotes":""},"categories":[1],"tags":[],"class_list":["post-7494","post","type-post","status-publish","format-standard","has-post-thumbnail","hentry","category-destaque"],"jetpack_sharing_enabled":true,"jetpack_featured_media_url":"","_links":{"self":[{"href":"https:\/\/www.oparanews.com.br\/index.php\/wp-json\/wp\/v2\/posts\/7494","targetHints":{"allow":["GET"]}}],"collection":[{"href":"https:\/\/www.oparanews.com.br\/index.php\/wp-json\/wp\/v2\/posts"}],"about":[{"href":"https:\/\/www.oparanews.com.br\/index.php\/wp-json\/wp\/v2\/types\/post"}],"author":[{"embeddable":true,"href":"https:\/\/www.oparanews.com.br\/index.php\/wp-json\/wp\/v2\/users\/1"}],"replies":[{"embeddable":true,"href":"https:\/\/www.oparanews.com.br\/index.php\/wp-json\/wp\/v2\/comments?post=7494"}],"version-history":[{"count":0,"href":"https:\/\/www.oparanews.com.br\/index.php\/wp-json\/wp\/v2\/posts\/7494\/revisions"}],"wp:attachment":[{"href":"https:\/\/www.oparanews.com.br\/index.php\/wp-json\/wp\/v2\/media?parent=7494"}],"wp:term":[{"taxonomy":"category","embeddable":true,"href":"https:\/\/www.oparanews.com.br\/index.php\/wp-json\/wp\/v2\/categories?post=7494"},{"taxonomy":"post_tag","embeddable":true,"href":"https:\/\/www.oparanews.com.br\/index.php\/wp-json\/wp\/v2\/tags?post=7494"}],"curies":[{"name":"wp","href":"https:\/\/api.w.org\/{rel}","templated":true}]}}