{"id":7497,"date":"2020-06-25T02:12:26","date_gmt":"2020-06-25T02:12:26","guid":{"rendered":"https:\/\/oparanews.com.br\/?p=7497"},"modified":"2020-06-25T02:12:26","modified_gmt":"2020-06-25T02:12:26","slug":"motorista-fica-ferido-ao-capotar-carro-na-al-220-em-arapiraca","status":"publish","type":"post","link":"https:\/\/www.oparanews.com.br\/index.php\/2020\/06\/25\/motorista-fica-ferido-ao-capotar-carro-na-al-220-em-arapiraca\/","title":{"rendered":"Motorista fica ferido ao capotar carro na AL-220, em Arapiraca"},"content":{"rendered":"<p>Um carro capotou no in\u00edcio da tarde desta quarta-feira (24) na rodovia AL-220, pr\u00f3ximo ao povoado Bom Jardim, em Arapiraca, no Agreste de Alagoas. O motorista, que n\u00e3o teve o nome divulgado, ficou ferido.<\/p>\n<p>De acordo com o Batalh\u00e3o de Pol\u00edcia Rodovi\u00e1rio (BPRv), o acidente ocorreu \u00e0s 12h15. O motorista do ve\u00edculo Celta dirigia de Limoeiro de Anadia para Arapiraca, quando perdeu o controle do carro, saiu da pista e capotou.<\/p>\n<p>A v\u00edtima relatou aos policiais que o acidente foi provocado devido ao piv\u00f4 do ve\u00edculo, uma pe\u00e7a de suspens\u00e3o, que quebrou e que fez com que ele perdesse o controle de dire\u00e7\u00e3o do carro.<\/p>\n<p>O motorista foi socorrido e levado para o Hospital de Emerg\u00eancia do Agreste.<\/p>\n<p>&nbsp;<\/p>\n<p><strong>Fonte: G1\/AL<\/strong><\/p>\n<p>&nbsp;<\/p>\n","protected":false},"excerpt":{"rendered":"<p>Um carro capotou no in\u00edcio da tarde desta quarta-feira (24) na rodovia AL-220, pr\u00f3ximo ao povoado Bom Jardim, em Arapiraca, no Agreste de Alagoas. O motorista, que n\u00e3o teve o nome divulgado, ficou ferido. De acordo com o Batalh\u00e3o de Pol\u00edcia Rodovi\u00e1rio (BPRv), o acidente ocorreu \u00e0s 12h15. O motorista do ve\u00edculo Celta dirigia de &hellip;<\/p>\n","protected":false},"author":1,"featured_media":7498,"comment_status":"open","ping_status":"open","sticky":false,"template":"","format":"standard","meta":{"_jetpack_newsletter_access":"","_jetpack_dont_email_post_to_subs":false,"_jetpack_newsletter_tier_id":0,"_jetpack_memberships_contains_paywalled_content":false,"_jetpack_memberships_contains_paid_content":false,"footnotes":""},"categories":[1],"tags":[],"class_list":["post-7497","post","type-post","status-publish","format-standard","has-post-thumbnail","hentry","category-destaque"],"jetpack_sharing_enabled":true,"jetpack_featured_media_url":"","_links":{"self":[{"href":"https:\/\/www.oparanews.com.br\/index.php\/wp-json\/wp\/v2\/posts\/7497","targetHints":{"allow":["GET"]}}],"collection":[{"href":"https:\/\/www.oparanews.com.br\/index.php\/wp-json\/wp\/v2\/posts"}],"about":[{"href":"https:\/\/www.oparanews.com.br\/index.php\/wp-json\/wp\/v2\/types\/post"}],"author":[{"embeddable":true,"href":"https:\/\/www.oparanews.com.br\/index.php\/wp-json\/wp\/v2\/users\/1"}],"replies":[{"embeddable":true,"href":"https:\/\/www.oparanews.com.br\/index.php\/wp-json\/wp\/v2\/comments?post=7497"}],"version-history":[{"count":0,"href":"https:\/\/www.oparanews.com.br\/index.php\/wp-json\/wp\/v2\/posts\/7497\/revisions"}],"wp:attachment":[{"href":"https:\/\/www.oparanews.com.br\/index.php\/wp-json\/wp\/v2\/media?parent=7497"}],"wp:term":[{"taxonomy":"category","embeddable":true,"href":"https:\/\/www.oparanews.com.br\/index.php\/wp-json\/wp\/v2\/categories?post=7497"},{"taxonomy":"post_tag","embeddable":true,"href":"https:\/\/www.oparanews.com.br\/index.php\/wp-json\/wp\/v2\/tags?post=7497"}],"curies":[{"name":"wp","href":"https:\/\/api.w.org\/{rel}","templated":true}]}}