{"id":7503,"date":"2020-06-25T02:15:00","date_gmt":"2020-06-25T02:15:00","guid":{"rendered":"https:\/\/oparanews.com.br\/?p=7503"},"modified":"2020-06-25T02:15:00","modified_gmt":"2020-06-25T02:15:00","slug":"penedo-previdencia-concede-aposentadoria-para-servidores-publicos-municipais","status":"publish","type":"post","link":"https:\/\/www.oparanews.com.br\/index.php\/2020\/06\/25\/penedo-previdencia-concede-aposentadoria-para-servidores-publicos-municipais\/","title":{"rendered":"Penedo Previd\u00eancia concede aposentadoria para servidores p\u00fablicos municipais"},"content":{"rendered":"<p>O Instituto de Previd\u00eancia dos Servidores P\u00fablicos do Munic\u00edpio de Penedo \u2013 Penedo Previd\u00eancia \u2013 oficializa nesta quarta-feira, 24 de junho, a concess\u00e3o de benef\u00edcios que entram em vigor a partir do pr\u00f3ximo dia 1\u00ba de julho.<\/p>\n<p>De acordo com os documentos publicados no Di\u00e1rio Oficial do Munic\u00edpio, as portarias conferem aposentadoria para nove servidoras efetivas da Prefeitura de Penedo e uma pens\u00e3o por morte, para o dependente do funcion\u00e1rio.<\/p>\n<p>Segundo as normas previdenci\u00e1rias, cada trabalhadora receber\u00e1 aposentadoria em valor proporcional ao tempo de contribui\u00e7\u00e3o e idade da pessoa, quando da solicita\u00e7\u00e3o do direito.<\/p>\n<p>A depender de cada caso, o provento a ser pago considera a m\u00e9dia de 80% das maiores remunera\u00e7\u00f5es ou a \u00faltima remunera\u00e7\u00e3o contributiva, sem paridade.<\/p>\n<p>Na lista publicada hoje, h\u00e1 casos de professoras que solicitaram a aposentadoria com base no tempo de servi\u00e7o e na idade, que receber\u00e3o proventos integrais e com paridade total.<\/p>\n<p>O Instituto Penedo Previd\u00eancia \u00e9 administrado por diretoria e conselho gestor, este composto por representantes da administra\u00e7\u00e3o municipal e do Sindicato dos Servidores P\u00fablicos Municipais de Penedo \u2013 Sindspem.<\/p>\n<p>&nbsp;<\/p>\n<p><strong>por Fernando Vin\u00edcius \u2013 Decom PMP<\/strong><\/p>\n<p>&nbsp;<\/p>\n","protected":false},"excerpt":{"rendered":"<p>O Instituto de Previd\u00eancia dos Servidores P\u00fablicos do Munic\u00edpio de Penedo \u2013 Penedo Previd\u00eancia \u2013 oficializa nesta quarta-feira, 24 de junho, a concess\u00e3o de benef\u00edcios que entram em vigor a partir do pr\u00f3ximo dia 1\u00ba de julho. De acordo com os documentos publicados no Di\u00e1rio Oficial do Munic\u00edpio, as portarias conferem aposentadoria para nove servidoras &hellip;<\/p>\n","protected":false},"author":1,"featured_media":7504,"comment_status":"open","ping_status":"open","sticky":false,"template":"","format":"standard","meta":{"_jetpack_newsletter_access":"","_jetpack_dont_email_post_to_subs":false,"_jetpack_newsletter_tier_id":0,"_jetpack_memberships_contains_paywalled_content":false,"_jetpack_memberships_contains_paid_content":false,"footnotes":""},"categories":[1],"tags":[],"class_list":["post-7503","post","type-post","status-publish","format-standard","has-post-thumbnail","hentry","category-destaque"],"jetpack_sharing_enabled":true,"jetpack_featured_media_url":"","_links":{"self":[{"href":"https:\/\/www.oparanews.com.br\/index.php\/wp-json\/wp\/v2\/posts\/7503","targetHints":{"allow":["GET"]}}],"collection":[{"href":"https:\/\/www.oparanews.com.br\/index.php\/wp-json\/wp\/v2\/posts"}],"about":[{"href":"https:\/\/www.oparanews.com.br\/index.php\/wp-json\/wp\/v2\/types\/post"}],"author":[{"embeddable":true,"href":"https:\/\/www.oparanews.com.br\/index.php\/wp-json\/wp\/v2\/users\/1"}],"replies":[{"embeddable":true,"href":"https:\/\/www.oparanews.com.br\/index.php\/wp-json\/wp\/v2\/comments?post=7503"}],"version-history":[{"count":0,"href":"https:\/\/www.oparanews.com.br\/index.php\/wp-json\/wp\/v2\/posts\/7503\/revisions"}],"wp:attachment":[{"href":"https:\/\/www.oparanews.com.br\/index.php\/wp-json\/wp\/v2\/media?parent=7503"}],"wp:term":[{"taxonomy":"category","embeddable":true,"href":"https:\/\/www.oparanews.com.br\/index.php\/wp-json\/wp\/v2\/categories?post=7503"},{"taxonomy":"post_tag","embeddable":true,"href":"https:\/\/www.oparanews.com.br\/index.php\/wp-json\/wp\/v2\/tags?post=7503"}],"curies":[{"name":"wp","href":"https:\/\/api.w.org\/{rel}","templated":true}]}}