{"id":7506,"date":"2020-06-25T02:16:35","date_gmt":"2020-06-25T02:16:35","guid":{"rendered":"https:\/\/oparanews.com.br\/?p=7506"},"modified":"2020-06-25T02:16:35","modified_gmt":"2020-06-25T02:16:35","slug":"prefeitura-de-penedo-abre-centro-de-sindromes-gripais-na-sexta-feira-26","status":"publish","type":"post","link":"https:\/\/www.oparanews.com.br\/index.php\/2020\/06\/25\/prefeitura-de-penedo-abre-centro-de-sindromes-gripais-na-sexta-feira-26\/","title":{"rendered":"Prefeitura de Penedo abre Centro de S\u00edndromes Gripais na sexta-feira, 26"},"content":{"rendered":"<p>A popula\u00e7\u00e3o penedense ganha mais um aliado no enfrentamento ao coronav\u00edrus. A partir de sexta-feira, 26 de junho, a Prefeitura de Penedo \u2013 por meio da Secretaria Municipal de Sa\u00fade (SEMS) \u2013 abre o Centro de S\u00edndromes Gripais.<\/p>\n<p>O servi\u00e7o funcionar\u00e1 entre sete da manh\u00e3 e cinco da tarde, todos os dias \u2013 inclusive nos finais de semana \u2013 na antiga Unidade do Senai, im\u00f3vel situado na Avenida Wanderley, pr\u00f3ximo do Trevo da Toca do \u00cdndio.<\/p>\n<p>\u201cO Centro de S\u00edndromes Gripais vai realizar testes r\u00e1pidos para detec\u00e7\u00e3o de Covid-19, dependendo da avalia\u00e7\u00e3o cl\u00ednica do paciente, e coletar material para a realiza\u00e7\u00e3o de exames laboratoriais\u201d, informa o Secret\u00e1rio Marcos Beltr\u00e3o, gestor da SEMS Penedo.<\/p>\n<p><strong>Penedo tem baixo \u00edndice de Covid-19<\/strong><\/p>\n<p>Al\u00e9m de ampliar a assist\u00eancia \u00e0 popula\u00e7\u00e3o de Penedo \u2013 munic\u00edpio com menor \u00edndice de contamina\u00e7\u00e3o por Covid-19 entre todos os 102 alagoanos de grande e m\u00e9dio porte \u2013, a abertura do Centro de S\u00edndromes Gripais reduzir\u00e1 a demanda nos postos de sa\u00fade e na UPA.<\/p>\n<p>\u201cVai desafogar nossa rede porque o Centro de S\u00edndromes Gripais ter\u00e1 um setor de triagem, sala de observa\u00e7\u00e3o e alguns leitos para a equipe observar o estado de sa\u00fade do paciente, com prescri\u00e7\u00e3o de medicamentos no local\u201d, explica Marcos Beltr\u00e3o.<\/p>\n<p><strong>SEMS Penedo<\/strong><\/p>\n<p>O mais novo investimento do governo Marcius Beltr\u00e3o\/Ronaldo Lopes no combate \u00e0 Covid-19 tamb\u00e9m tem reflexo positivo para outros setores da SEMS Penedo.<\/p>\n<p>Como todo os casos relacionados com sintomas de cont\u00e1gio por coronav\u00edrus ser\u00e3o direcionados ao Centro de S\u00edndromes Gripais, o atendimento na rede de Aten\u00e7\u00e3o B\u00e1sica volta a priorizar programas permanentes e a assist\u00eancia geral.<\/p>\n<p>No caso da Unidade de Pronto Atendimento (UPA) receber v\u00edtima de Covid-19, com necessidade de leito de UTI ou cl\u00ednico, a Central de Regula\u00e7\u00e3o do governo estadual poder\u00e1 encaminhar o paciente para o Hospital Regional de Penedo ou local mais pr\u00f3ximo, com leito de UTI dispon\u00edvel, conforme determina o protocolo da situa\u00e7\u00e3o de pandemia.<\/p>\n<p><strong>Leitos de UTI<\/strong><\/p>\n<p>Com a inaugura\u00e7\u00e3o da Unidade de Terapia Intensiva no Hospital Regional de Penedo abriu sete leitos de UIT e dezoito de enfermaria na institui\u00e7\u00e3o vizinha da UPA de Penedo, investimento alcan\u00e7ado gra\u00e7as ao trabalho conjunto que reuniu a Santa Casa de Miseric\u00f3rdia, o Governo de Alagoas e a Prefeitura de Penedo.<\/p>\n<p>&nbsp;<\/p>\n<p><strong>por Fernando Vin\u00edcius \u2013 Decom PMP<\/strong><\/p>\n<p>&nbsp;<\/p>\n","protected":false},"excerpt":{"rendered":"<p>A popula\u00e7\u00e3o penedense ganha mais um aliado no enfrentamento ao coronav\u00edrus. A partir de sexta-feira, 26 de junho, a Prefeitura de Penedo \u2013 por meio da Secretaria Municipal de Sa\u00fade (SEMS) \u2013 abre o Centro de S\u00edndromes Gripais. O servi\u00e7o funcionar\u00e1 entre sete da manh\u00e3 e cinco da tarde, todos os dias \u2013 inclusive nos &hellip;<\/p>\n","protected":false},"author":1,"featured_media":7507,"comment_status":"open","ping_status":"open","sticky":false,"template":"","format":"standard","meta":{"_jetpack_newsletter_access":"","_jetpack_dont_email_post_to_subs":false,"_jetpack_newsletter_tier_id":0,"_jetpack_memberships_contains_paywalled_content":false,"_jetpack_memberships_contains_paid_content":false,"footnotes":""},"categories":[1],"tags":[],"class_list":["post-7506","post","type-post","status-publish","format-standard","has-post-thumbnail","hentry","category-destaque"],"jetpack_sharing_enabled":true,"jetpack_featured_media_url":"","_links":{"self":[{"href":"https:\/\/www.oparanews.com.br\/index.php\/wp-json\/wp\/v2\/posts\/7506","targetHints":{"allow":["GET"]}}],"collection":[{"href":"https:\/\/www.oparanews.com.br\/index.php\/wp-json\/wp\/v2\/posts"}],"about":[{"href":"https:\/\/www.oparanews.com.br\/index.php\/wp-json\/wp\/v2\/types\/post"}],"author":[{"embeddable":true,"href":"https:\/\/www.oparanews.com.br\/index.php\/wp-json\/wp\/v2\/users\/1"}],"replies":[{"embeddable":true,"href":"https:\/\/www.oparanews.com.br\/index.php\/wp-json\/wp\/v2\/comments?post=7506"}],"version-history":[{"count":0,"href":"https:\/\/www.oparanews.com.br\/index.php\/wp-json\/wp\/v2\/posts\/7506\/revisions"}],"wp:attachment":[{"href":"https:\/\/www.oparanews.com.br\/index.php\/wp-json\/wp\/v2\/media?parent=7506"}],"wp:term":[{"taxonomy":"category","embeddable":true,"href":"https:\/\/www.oparanews.com.br\/index.php\/wp-json\/wp\/v2\/categories?post=7506"},{"taxonomy":"post_tag","embeddable":true,"href":"https:\/\/www.oparanews.com.br\/index.php\/wp-json\/wp\/v2\/tags?post=7506"}],"curies":[{"name":"wp","href":"https:\/\/api.w.org\/{rel}","templated":true}]}}