{"id":7512,"date":"2020-06-26T00:38:11","date_gmt":"2020-06-26T00:38:11","guid":{"rendered":"https:\/\/oparanews.com.br\/?p=7512"},"modified":"2020-06-26T00:38:11","modified_gmt":"2020-06-26T00:38:11","slug":"oleo-que-reapareceu-em-praias-de-al-e-pe-e-o-mesmo-que-atingiu-o-pais-em-2019","status":"publish","type":"post","link":"https:\/\/www.oparanews.com.br\/index.php\/2020\/06\/26\/oleo-que-reapareceu-em-praias-de-al-e-pe-e-o-mesmo-que-atingiu-o-pais-em-2019\/","title":{"rendered":"\u00d3leo que reapareceu em praias de AL e PE \u00e9 o mesmo que atingiu o pa\u00eds em 2019"},"content":{"rendered":"<p>A Marinha do Brasil, por meio do Comando do 3\u00ba Distrito Naval, informou nesta quinta-feira (25) que uma an\u00e1lise feita em amostras do \u00f3leo que voltou a aparecer em praias de Alagoas e Pernambuco neste m\u00eas de junho apontou que o material \u00e9 o mesmo que provocou o desastre ambiental registrado na costa brasileira em 2019.<\/p>\n<p>A an\u00e1lise foi feita pelo Instituto de Estudos do Mar Almirante Paulo Moreira (IEAPM), que recebeu amostras coletadas por equipes de Inspe\u00e7\u00e3o Naval da Capitania dos Portos de Pernambuco (CPPE) e da Capitania dos Portos de Alagoas (CPAL).<\/p>\n<p>\u201cOs res\u00edduos apresentaram perfis qu\u00edmicos compat\u00edveis com o material que atingiu a costa brasileira, sobretudo no Nordeste, em 2019. E com base no exame realizado, a chegada desse material deve consistir na reincid\u00eancia de segmentos oleosos que n\u00e3o tinham sido anteriormente identificados durante as a\u00e7\u00f5es de resposta\u201d, diz um trecho da nota da Marinha.<\/p>\n<p>Em Pernambuco, foram encontrados novos fragmentos do \u00f3leo em praias de Ipojuca e Tamandar\u00e9. J\u00e1 em Alagoas, o \u00f3leo foi visto nas praias de Coruripe, Ipioca, Japaratinga e Maragogi.<\/p>\n<p>Segundo a Marinha, o problema voltou a ser registrado, possivelmente, por fatores como altera\u00e7\u00f5es no regime de ventos e mar\u00e9s, que revolvem sedimentos e possibilitam o ressurgimento desses fragmentos. Ela pede que, caso algu\u00e9m aviste \u00f3leo nas praias, ligue para o 185.<\/p>\n<p>&nbsp;<\/p>\n<p><strong>Fonte: G1\/AL<\/strong><\/p>\n<p>&nbsp;<\/p>\n","protected":false},"excerpt":{"rendered":"<p>A Marinha do Brasil, por meio do Comando do 3\u00ba Distrito Naval, informou nesta quinta-feira (25) que uma an\u00e1lise feita em amostras do \u00f3leo que voltou a aparecer em praias de Alagoas e Pernambuco neste m\u00eas de junho apontou que o material \u00e9 o mesmo que provocou o desastre ambiental registrado na costa brasileira em &hellip;<\/p>\n","protected":false},"author":1,"featured_media":7513,"comment_status":"open","ping_status":"open","sticky":false,"template":"","format":"standard","meta":{"_jetpack_newsletter_access":"","_jetpack_dont_email_post_to_subs":false,"_jetpack_newsletter_tier_id":0,"_jetpack_memberships_contains_paywalled_content":false,"_jetpack_memberships_contains_paid_content":false,"footnotes":""},"categories":[1],"tags":[],"class_list":["post-7512","post","type-post","status-publish","format-standard","has-post-thumbnail","hentry","category-destaque"],"jetpack_sharing_enabled":true,"jetpack_featured_media_url":"","_links":{"self":[{"href":"https:\/\/www.oparanews.com.br\/index.php\/wp-json\/wp\/v2\/posts\/7512","targetHints":{"allow":["GET"]}}],"collection":[{"href":"https:\/\/www.oparanews.com.br\/index.php\/wp-json\/wp\/v2\/posts"}],"about":[{"href":"https:\/\/www.oparanews.com.br\/index.php\/wp-json\/wp\/v2\/types\/post"}],"author":[{"embeddable":true,"href":"https:\/\/www.oparanews.com.br\/index.php\/wp-json\/wp\/v2\/users\/1"}],"replies":[{"embeddable":true,"href":"https:\/\/www.oparanews.com.br\/index.php\/wp-json\/wp\/v2\/comments?post=7512"}],"version-history":[{"count":0,"href":"https:\/\/www.oparanews.com.br\/index.php\/wp-json\/wp\/v2\/posts\/7512\/revisions"}],"wp:attachment":[{"href":"https:\/\/www.oparanews.com.br\/index.php\/wp-json\/wp\/v2\/media?parent=7512"}],"wp:term":[{"taxonomy":"category","embeddable":true,"href":"https:\/\/www.oparanews.com.br\/index.php\/wp-json\/wp\/v2\/categories?post=7512"},{"taxonomy":"post_tag","embeddable":true,"href":"https:\/\/www.oparanews.com.br\/index.php\/wp-json\/wp\/v2\/tags?post=7512"}],"curies":[{"name":"wp","href":"https:\/\/api.w.org\/{rel}","templated":true}]}}