{"id":7515,"date":"2020-06-26T00:39:31","date_gmt":"2020-06-26T00:39:31","guid":{"rendered":"https:\/\/oparanews.com.br\/?p=7515"},"modified":"2020-06-26T00:39:31","modified_gmt":"2020-06-26T00:39:31","slug":"ocupacao-de-uti-para-covid-19-e-de-100-em-santana-do-ipanema-e-sao-miguel-dos-campos","status":"publish","type":"post","link":"https:\/\/www.oparanews.com.br\/index.php\/2020\/06\/26\/ocupacao-de-uti-para-covid-19-e-de-100-em-santana-do-ipanema-e-sao-miguel-dos-campos\/","title":{"rendered":"Ocupa\u00e7\u00e3o de UTI para Covid-19 \u00e9 de 100% em Santana do Ipanema e S\u00e3o Miguel dos Campos"},"content":{"rendered":"<p>Os munic\u00edpios de Santana do Ipanema e S\u00e3o Miguel dos Campos atingiram 100% de ocupa\u00e7\u00e3o dos leitos de UTI para Covid-19, de acordo com o boletim de ocupa\u00e7\u00e3o di\u00e1ria de leitos da Secretaria de Estado da Sa\u00fade (Sesau) desta quinta-feira (25). A taxa de ocupa\u00e7\u00e3o em Macei\u00f3, contudo, caiu de 91% para 76%.<\/p>\n<p>Ate as 11h, todas as cinco vagas de UTI para Covid-19 em Santana do Ipanema estavam ocupadas. E todas as sete em S\u00e3o Miguel dos Campos tamb\u00e9m estavam preenchidas.<\/p>\n<p>Dos 165 leitos de Macei\u00f3, 125 estavam com pacientes com confirma\u00e7\u00e3o ou suspeita de Covid-19. No interior, estavam ocupados 63 dos 82 leitos, uma taxa 77%, menor que a registrada no dia anterior, que era de 78%.<\/p>\n<p>Em todo o estado, a taxa de ocupa\u00e7\u00e3o de leitos de Covid-19 era de 76% at\u00e9 as 11h desta quinta.<\/p>\n<p>&nbsp;<\/p>\n<p><strong>Fonte: G1\/AL<\/strong><\/p>\n<p>&nbsp;<\/p>\n","protected":false},"excerpt":{"rendered":"<p>Os munic\u00edpios de Santana do Ipanema e S\u00e3o Miguel dos Campos atingiram 100% de ocupa\u00e7\u00e3o dos leitos de UTI para Covid-19, de acordo com o boletim de ocupa\u00e7\u00e3o di\u00e1ria de leitos da Secretaria de Estado da Sa\u00fade (Sesau) desta quinta-feira (25). A taxa de ocupa\u00e7\u00e3o em Macei\u00f3, contudo, caiu de 91% para 76%. Ate as &hellip;<\/p>\n","protected":false},"author":1,"featured_media":7516,"comment_status":"open","ping_status":"open","sticky":false,"template":"","format":"standard","meta":{"_jetpack_newsletter_access":"","_jetpack_dont_email_post_to_subs":false,"_jetpack_newsletter_tier_id":0,"_jetpack_memberships_contains_paywalled_content":false,"_jetpack_memberships_contains_paid_content":false,"footnotes":""},"categories":[1],"tags":[],"class_list":["post-7515","post","type-post","status-publish","format-standard","has-post-thumbnail","hentry","category-destaque"],"jetpack_sharing_enabled":true,"jetpack_featured_media_url":"","_links":{"self":[{"href":"https:\/\/www.oparanews.com.br\/index.php\/wp-json\/wp\/v2\/posts\/7515","targetHints":{"allow":["GET"]}}],"collection":[{"href":"https:\/\/www.oparanews.com.br\/index.php\/wp-json\/wp\/v2\/posts"}],"about":[{"href":"https:\/\/www.oparanews.com.br\/index.php\/wp-json\/wp\/v2\/types\/post"}],"author":[{"embeddable":true,"href":"https:\/\/www.oparanews.com.br\/index.php\/wp-json\/wp\/v2\/users\/1"}],"replies":[{"embeddable":true,"href":"https:\/\/www.oparanews.com.br\/index.php\/wp-json\/wp\/v2\/comments?post=7515"}],"version-history":[{"count":0,"href":"https:\/\/www.oparanews.com.br\/index.php\/wp-json\/wp\/v2\/posts\/7515\/revisions"}],"wp:attachment":[{"href":"https:\/\/www.oparanews.com.br\/index.php\/wp-json\/wp\/v2\/media?parent=7515"}],"wp:term":[{"taxonomy":"category","embeddable":true,"href":"https:\/\/www.oparanews.com.br\/index.php\/wp-json\/wp\/v2\/categories?post=7515"},{"taxonomy":"post_tag","embeddable":true,"href":"https:\/\/www.oparanews.com.br\/index.php\/wp-json\/wp\/v2\/tags?post=7515"}],"curies":[{"name":"wp","href":"https:\/\/api.w.org\/{rel}","templated":true}]}}