{"id":7524,"date":"2020-06-26T00:48:26","date_gmt":"2020-06-26T00:48:26","guid":{"rendered":"https:\/\/oparanews.com.br\/?p=7524"},"modified":"2020-06-26T00:48:26","modified_gmt":"2020-06-26T00:48:26","slug":"crb-novos-testes-apontam-que-os-oito-infectados-estao-curados","status":"publish","type":"post","link":"https:\/\/www.oparanews.com.br\/index.php\/2020\/06\/26\/crb-novos-testes-apontam-que-os-oito-infectados-estao-curados\/","title":{"rendered":"CRB: Novos testes apontam que os oito infectados est\u00e3o curados"},"content":{"rendered":"<p>O CRB divulgou, na tarde desta quinta-feira (25), por meio das redes sociais, que os sete jogadores e o funcion\u00e1rio que haviam testado positivo para a Covid-19 na primeira bateria de testes realizadas pelo clube j\u00e1 est\u00e3o curados e liberados para voltar aos trabalhos.<\/p>\n<p>A primeira testagem aconteceu no dia 15 de junho, num laborat\u00f3rio privado de Macei\u00f3, em parceria com a Federa\u00e7\u00e3o Alagoana de Futebol. Na ocasi\u00e3o, oito pessoas foram identificadas como infectadas pelo v\u00edrus, mas, segundo o Galo, todas eram assintom\u00e1ticas.<\/p>\n<p>Com a libera\u00e7\u00e3o das atividades esportivas, os treinos foram retomados na \u00faltima ter\u00e7a-feira (23). A equipe alvirrubra vem se reunindo, em grupos divididos e em hor\u00e1rios alternados, no CT Ninho do Galo, pensando na volta das competi\u00e7\u00f5es, que ainda n\u00e3o t\u00eam data marcada.<\/p>\n<p>Confira a publica\u00e7\u00e3o do CRB na \u00edntegra<\/p>\n<p><em>&#8220;Olha que not\u00edcia de confortar o cora\u00e7\u00e3o, Na\u00e7\u00e3o! Todos os sete atletas e o funcion\u00e1rio do CRB que testaram positivo para o Covid-19, realizaram um novo teste e o resultado n\u00e3o poderia ser melhor: todos deram negativo e est\u00e3o curados do coronav\u00edrus.<\/em><\/p>\n<p><em>Todos j\u00e1 est\u00e3o aptos para voltarem aos trabalhos! O ano promete, vamos todos juntos nesse embalo de energia positiva!!&#8221;<\/em><\/p>\n<p>&nbsp;<\/p>\n<p><strong>Fonte: Globoesporte<\/strong><\/p>\n<p>&nbsp;<\/p>\n","protected":false},"excerpt":{"rendered":"<p>O CRB divulgou, na tarde desta quinta-feira (25), por meio das redes sociais, que os sete jogadores e o funcion\u00e1rio que haviam testado positivo para a Covid-19 na primeira bateria de testes realizadas pelo clube j\u00e1 est\u00e3o curados e liberados para voltar aos trabalhos. A primeira testagem aconteceu no dia 15 de junho, num laborat\u00f3rio &hellip;<\/p>\n","protected":false},"author":1,"featured_media":7525,"comment_status":"open","ping_status":"open","sticky":false,"template":"","format":"standard","meta":{"_jetpack_newsletter_access":"","_jetpack_dont_email_post_to_subs":false,"_jetpack_newsletter_tier_id":0,"_jetpack_memberships_contains_paywalled_content":false,"_jetpack_memberships_contains_paid_content":false,"footnotes":""},"categories":[1],"tags":[],"class_list":["post-7524","post","type-post","status-publish","format-standard","has-post-thumbnail","hentry","category-destaque"],"jetpack_sharing_enabled":true,"jetpack_featured_media_url":"","_links":{"self":[{"href":"https:\/\/www.oparanews.com.br\/index.php\/wp-json\/wp\/v2\/posts\/7524","targetHints":{"allow":["GET"]}}],"collection":[{"href":"https:\/\/www.oparanews.com.br\/index.php\/wp-json\/wp\/v2\/posts"}],"about":[{"href":"https:\/\/www.oparanews.com.br\/index.php\/wp-json\/wp\/v2\/types\/post"}],"author":[{"embeddable":true,"href":"https:\/\/www.oparanews.com.br\/index.php\/wp-json\/wp\/v2\/users\/1"}],"replies":[{"embeddable":true,"href":"https:\/\/www.oparanews.com.br\/index.php\/wp-json\/wp\/v2\/comments?post=7524"}],"version-history":[{"count":0,"href":"https:\/\/www.oparanews.com.br\/index.php\/wp-json\/wp\/v2\/posts\/7524\/revisions"}],"wp:attachment":[{"href":"https:\/\/www.oparanews.com.br\/index.php\/wp-json\/wp\/v2\/media?parent=7524"}],"wp:term":[{"taxonomy":"category","embeddable":true,"href":"https:\/\/www.oparanews.com.br\/index.php\/wp-json\/wp\/v2\/categories?post=7524"},{"taxonomy":"post_tag","embeddable":true,"href":"https:\/\/www.oparanews.com.br\/index.php\/wp-json\/wp\/v2\/tags?post=7524"}],"curies":[{"name":"wp","href":"https:\/\/api.w.org\/{rel}","templated":true}]}}