{"id":7534,"date":"2020-06-26T02:47:42","date_gmt":"2020-06-26T02:47:42","guid":{"rendered":"https:\/\/oparanews.com.br\/?p=7534"},"modified":"2020-06-26T02:47:42","modified_gmt":"2020-06-26T02:47:42","slug":"boletim-epidemiologico-atualizado-mostra-255-casos-de-covid-19-em-penedo","status":"publish","type":"post","link":"https:\/\/www.oparanews.com.br\/index.php\/2020\/06\/26\/boletim-epidemiologico-atualizado-mostra-255-casos-de-covid-19-em-penedo\/","title":{"rendered":"Boletim epidemiol\u00f3gico atualizado mostra 255 casos de Covid-19 em Penedo"},"content":{"rendered":"<p>O mais novo boletim epidemiol\u00f3gico produzido pela Secretaria Municipal de Sa\u00fade nesta quinta-feira (25), informa 255 casos confirmados de Covid-19 em Penedo. Os dados recentes apontam uma alta de mais 13 casos, desde os n\u00fameros anteriores que mostravam 232 casos da doen\u00e7a.<\/p>\n<p><a href=\"https:\/\/oparanews.com.br\/wp-content\/uploads\/2020\/06\/Sem-t\u00edtulo-91.jpg\"><img loading=\"lazy\" decoding=\"async\" class=\"alignleft size-medium wp-image-7535\" src=\"https:\/\/oparanews.com.br\/wp-content\/uploads\/2020\/06\/Sem-t\u00edtulo-91-273x300.jpg\" alt=\"\" width=\"273\" height=\"300\" \/><\/a>Apesar das altas crescentes dos n\u00fameros nas ultimas semanas, Penedo \u00e9 o munic\u00edpio com menor \u00edndice de contamina\u00e7\u00e3o por Covid-19 os 102 alagoanos, tanto os de grande, quanto de m\u00e9dio porte.<\/p>\n<p>Isso devido ao trabalho realizado pela Prefeitura de Penedo para manuten\u00e7\u00e3o do isolamento social, a exemplo da instala\u00e7\u00e3o de barreiras sanit\u00e1rias em todos os acessos ao munic\u00edpio e da ado\u00e7\u00e3o de medidas restritivas por meio do decreto emergencial.<\/p>\n<p>O isolamento social \u00e9 uma medida preventiva necess\u00e1ria para diminuir o \u00edndice de contagio pelo novo Coronav\u00edrus e deve ser adotada por toda a popula\u00e7\u00e3o at\u00e9 a flexibiliza\u00e7\u00e3o das regras, sendo importante permanecer em casa, s\u00f3 saindo nos casos de necessidades inevit\u00e1veis.<\/p>\n<p><strong>Dados<\/strong><\/p>\n<p>Os demais dados do boletim Covid-19 desta quinta-feira, mostram que 196 pessoas est\u00e3o sendo monitoradas, 229 casos foram descartados, 5 casos s\u00e3o considerados suspeitos, 58 pessoas se recuperaram da doen\u00e7a e 4 pessoas morreram no munic\u00edpio.<\/p>\n<p>&nbsp;<\/p>\n<p><strong>por Thiago Sobral- Jornalista Decom (PMP)<\/strong><\/p>\n<p>&nbsp;<\/p>\n","protected":false},"excerpt":{"rendered":"<p>O mais novo boletim epidemiol\u00f3gico produzido pela Secretaria Municipal de Sa\u00fade nesta quinta-feira (25), informa 255 casos confirmados de Covid-19 em Penedo. Os dados recentes apontam uma alta de mais 13 casos, desde os n\u00fameros anteriores que mostravam 232 casos da doen\u00e7a. Apesar das altas crescentes dos n\u00fameros nas ultimas semanas, Penedo \u00e9 o munic\u00edpio &hellip;<\/p>\n","protected":false},"author":1,"featured_media":7536,"comment_status":"open","ping_status":"open","sticky":false,"template":"","format":"standard","meta":{"_jetpack_newsletter_access":"","_jetpack_dont_email_post_to_subs":false,"_jetpack_newsletter_tier_id":0,"_jetpack_memberships_contains_paywalled_content":false,"_jetpack_memberships_contains_paid_content":false,"footnotes":""},"categories":[1],"tags":[],"class_list":["post-7534","post","type-post","status-publish","format-standard","has-post-thumbnail","hentry","category-destaque"],"jetpack_sharing_enabled":true,"jetpack_featured_media_url":"","_links":{"self":[{"href":"https:\/\/www.oparanews.com.br\/index.php\/wp-json\/wp\/v2\/posts\/7534","targetHints":{"allow":["GET"]}}],"collection":[{"href":"https:\/\/www.oparanews.com.br\/index.php\/wp-json\/wp\/v2\/posts"}],"about":[{"href":"https:\/\/www.oparanews.com.br\/index.php\/wp-json\/wp\/v2\/types\/post"}],"author":[{"embeddable":true,"href":"https:\/\/www.oparanews.com.br\/index.php\/wp-json\/wp\/v2\/users\/1"}],"replies":[{"embeddable":true,"href":"https:\/\/www.oparanews.com.br\/index.php\/wp-json\/wp\/v2\/comments?post=7534"}],"version-history":[{"count":0,"href":"https:\/\/www.oparanews.com.br\/index.php\/wp-json\/wp\/v2\/posts\/7534\/revisions"}],"wp:attachment":[{"href":"https:\/\/www.oparanews.com.br\/index.php\/wp-json\/wp\/v2\/media?parent=7534"}],"wp:term":[{"taxonomy":"category","embeddable":true,"href":"https:\/\/www.oparanews.com.br\/index.php\/wp-json\/wp\/v2\/categories?post=7534"},{"taxonomy":"post_tag","embeddable":true,"href":"https:\/\/www.oparanews.com.br\/index.php\/wp-json\/wp\/v2\/tags?post=7534"}],"curies":[{"name":"wp","href":"https:\/\/api.w.org\/{rel}","templated":true}]}}