{"id":7538,"date":"2020-06-26T23:11:26","date_gmt":"2020-06-26T23:11:26","guid":{"rendered":"https:\/\/oparanews.com.br\/?p=7538"},"modified":"2020-06-26T23:11:26","modified_gmt":"2020-06-26T23:11:26","slug":"reajuste-da-tarifa-do-transporte-intermunicipal-de-alagoas-e-suspenso-ate-2021","status":"publish","type":"post","link":"https:\/\/www.oparanews.com.br\/index.php\/2020\/06\/26\/reajuste-da-tarifa-do-transporte-intermunicipal-de-alagoas-e-suspenso-ate-2021\/","title":{"rendered":"Reajuste da tarifa do transporte intermunicipal de Alagoas \u00e9 suspenso at\u00e9 2021"},"content":{"rendered":"<p>O reajuste da tarifa do transporte intermunicipal foi suspenso e s\u00f3 deve acontecer em 2021. A decis\u00e3o \u00e9 do conselho executivo da Ag\u00eancia Reguladora de Servi\u00e7os P\u00fablicos do Estado de Alagoas (Arsal) e foi divulgada nesta sexta-feira (26).<\/p>\n<p>A minuta da resolu\u00e7\u00e3o foi decidida em uma reuni\u00e3o realizada de forma remota na quinta (25), e leva em considera\u00e7\u00e3o o fato de que os transportadores est\u00e3o sem atividades desde mar\u00e7o, quando foi publicado o primeiro decreto emergencial que suspendeu as atividades da categoria. A decis\u00e3o deve ser publicada no Di\u00e1rio Oficial do Estado.<\/p>\n<p>Outras medidas tamb\u00e9m foram decididas na reuni\u00e3o do conselho, como a suspens\u00e3o dos prazos recursais para apresenta\u00e7\u00e3o de defesa pr\u00e9via, recursos e pedidos de reconsidera\u00e7\u00e3o aos autos de infra\u00e7\u00e3o vencidos a partir de 23 de mar\u00e7o deste ano, e outros que vencer\u00e3o partir da data de publica\u00e7\u00e3o da resolu\u00e7\u00e3o at\u00e9 o dia 31 de julho de 2020 e a prorroga\u00e7\u00e3o da vida \u00fatil dos ve\u00edculos que comp\u00f5em o Sistema de Transporte complementar pelo prazo de 180 dias a partir da data de publica\u00e7\u00e3o.<\/p>\n<p>A renova\u00e7\u00e3o dos contratos de permiss\u00e3o concedidos nas licita\u00e7\u00f5es Angesp n\u00b0 009\/2009 e Arsal n\u00b0 001\/2013, tamb\u00e9m foi prorrogada at\u00e9 o dia 30 de dezembro deste ano, Tamb\u00e9m fica suspenso pelo per\u00edodo em que continuar as medidas de restri\u00e7\u00f5es no Estado o prazo de validade das autoriza\u00e7\u00f5es provis\u00f3rias concedidas para opera\u00e7\u00e3o do servi\u00e7o complementar de transporte.<\/p>\n<p>&nbsp;<\/p>\n<p><strong>Fonte: G1\/AL<\/strong><\/p>\n<p>&nbsp;<\/p>\n","protected":false},"excerpt":{"rendered":"<p>O reajuste da tarifa do transporte intermunicipal foi suspenso e s\u00f3 deve acontecer em 2021. A decis\u00e3o \u00e9 do conselho executivo da Ag\u00eancia Reguladora de Servi\u00e7os P\u00fablicos do Estado de Alagoas (Arsal) e foi divulgada nesta sexta-feira (26). A minuta da resolu\u00e7\u00e3o foi decidida em uma reuni\u00e3o realizada de forma remota na quinta (25), e &hellip;<\/p>\n","protected":false},"author":1,"featured_media":7539,"comment_status":"open","ping_status":"open","sticky":false,"template":"","format":"standard","meta":{"_jetpack_newsletter_access":"","_jetpack_dont_email_post_to_subs":false,"_jetpack_newsletter_tier_id":0,"_jetpack_memberships_contains_paywalled_content":false,"_jetpack_memberships_contains_paid_content":false,"footnotes":""},"categories":[1],"tags":[],"class_list":["post-7538","post","type-post","status-publish","format-standard","has-post-thumbnail","hentry","category-destaque"],"jetpack_sharing_enabled":true,"jetpack_featured_media_url":"","_links":{"self":[{"href":"https:\/\/www.oparanews.com.br\/index.php\/wp-json\/wp\/v2\/posts\/7538","targetHints":{"allow":["GET"]}}],"collection":[{"href":"https:\/\/www.oparanews.com.br\/index.php\/wp-json\/wp\/v2\/posts"}],"about":[{"href":"https:\/\/www.oparanews.com.br\/index.php\/wp-json\/wp\/v2\/types\/post"}],"author":[{"embeddable":true,"href":"https:\/\/www.oparanews.com.br\/index.php\/wp-json\/wp\/v2\/users\/1"}],"replies":[{"embeddable":true,"href":"https:\/\/www.oparanews.com.br\/index.php\/wp-json\/wp\/v2\/comments?post=7538"}],"version-history":[{"count":0,"href":"https:\/\/www.oparanews.com.br\/index.php\/wp-json\/wp\/v2\/posts\/7538\/revisions"}],"wp:attachment":[{"href":"https:\/\/www.oparanews.com.br\/index.php\/wp-json\/wp\/v2\/media?parent=7538"}],"wp:term":[{"taxonomy":"category","embeddable":true,"href":"https:\/\/www.oparanews.com.br\/index.php\/wp-json\/wp\/v2\/categories?post=7538"},{"taxonomy":"post_tag","embeddable":true,"href":"https:\/\/www.oparanews.com.br\/index.php\/wp-json\/wp\/v2\/tags?post=7538"}],"curies":[{"name":"wp","href":"https:\/\/api.w.org\/{rel}","templated":true}]}}