{"id":7541,"date":"2020-06-26T23:12:36","date_gmt":"2020-06-26T23:12:36","guid":{"rendered":"https:\/\/oparanews.com.br\/?p=7541"},"modified":"2020-06-26T23:12:36","modified_gmt":"2020-06-26T23:12:36","slug":"homem-e-preso-com-16-aves-silvestres-dentro-de-carro-em-sao-sebastiao","status":"publish","type":"post","link":"https:\/\/www.oparanews.com.br\/index.php\/2020\/06\/26\/homem-e-preso-com-16-aves-silvestres-dentro-de-carro-em-sao-sebastiao\/","title":{"rendered":"Homem \u00e9 preso com 16 aves silvestres dentro de carro em S\u00e3o Sebasti\u00e3o"},"content":{"rendered":"<p>Um homem foi preso transportando 16 aves silvestres de forma irregular na cidade de S\u00e3o Sebasti\u00e3o, Agreste de Alagoas. A informa\u00e7\u00e3o foi divulgada nesta sexta (26) pela Pol\u00edcia Rodovi\u00e1ria Federal (PRF).<\/p>\n<p>O flagrante aconteceu na quinta-feira (25) durante fiscaliza\u00e7\u00e3o em um trecho da BR-101, quando os policiais deram ordem de parada a um carro de cor preta com um ocupante. Os policiais realizaram buscas no interior do carro e encontraram os p\u00e1ssaros presos em seis gaiolas, escondidos sob uma coberta no assoalho que dificultava a ventila\u00e7\u00e3o.<\/p>\n<p>Ao ser questionado, o condutor do autom\u00f3vel informou que havia realizado a compra dos animais em S\u00e3o Paulo (SP) e os levaria at\u00e9 o munic\u00edpio de Bezerros (PE). Ao todo, 11 Trinca-ferros e cinco Pintassilgos foram resgatados pela PRF.<\/p>\n<p>Ap\u00f3s o flagrante, o homem foi levado para a Delegacia de Pol\u00edcia Civil de Penedo, e deve responder por crime ambiental. Os p\u00e1ssaros foram encaminhados ao Batalh\u00e3o de Pol\u00edcia Ambiental (BPA).<\/p>\n<p>&nbsp;<\/p>\n<p><strong>Fonte: G1\/AL<\/strong><\/p>\n<p>&nbsp;<\/p>\n","protected":false},"excerpt":{"rendered":"<p>Um homem foi preso transportando 16 aves silvestres de forma irregular na cidade de S\u00e3o Sebasti\u00e3o, Agreste de Alagoas. A informa\u00e7\u00e3o foi divulgada nesta sexta (26) pela Pol\u00edcia Rodovi\u00e1ria Federal (PRF). O flagrante aconteceu na quinta-feira (25) durante fiscaliza\u00e7\u00e3o em um trecho da BR-101, quando os policiais deram ordem de parada a um carro de &hellip;<\/p>\n","protected":false},"author":1,"featured_media":7542,"comment_status":"open","ping_status":"open","sticky":false,"template":"","format":"standard","meta":{"_jetpack_newsletter_access":"","_jetpack_dont_email_post_to_subs":false,"_jetpack_newsletter_tier_id":0,"_jetpack_memberships_contains_paywalled_content":false,"_jetpack_memberships_contains_paid_content":false,"footnotes":""},"categories":[1],"tags":[],"class_list":["post-7541","post","type-post","status-publish","format-standard","has-post-thumbnail","hentry","category-destaque"],"jetpack_sharing_enabled":true,"jetpack_featured_media_url":"","_links":{"self":[{"href":"https:\/\/www.oparanews.com.br\/index.php\/wp-json\/wp\/v2\/posts\/7541","targetHints":{"allow":["GET"]}}],"collection":[{"href":"https:\/\/www.oparanews.com.br\/index.php\/wp-json\/wp\/v2\/posts"}],"about":[{"href":"https:\/\/www.oparanews.com.br\/index.php\/wp-json\/wp\/v2\/types\/post"}],"author":[{"embeddable":true,"href":"https:\/\/www.oparanews.com.br\/index.php\/wp-json\/wp\/v2\/users\/1"}],"replies":[{"embeddable":true,"href":"https:\/\/www.oparanews.com.br\/index.php\/wp-json\/wp\/v2\/comments?post=7541"}],"version-history":[{"count":0,"href":"https:\/\/www.oparanews.com.br\/index.php\/wp-json\/wp\/v2\/posts\/7541\/revisions"}],"wp:attachment":[{"href":"https:\/\/www.oparanews.com.br\/index.php\/wp-json\/wp\/v2\/media?parent=7541"}],"wp:term":[{"taxonomy":"category","embeddable":true,"href":"https:\/\/www.oparanews.com.br\/index.php\/wp-json\/wp\/v2\/categories?post=7541"},{"taxonomy":"post_tag","embeddable":true,"href":"https:\/\/www.oparanews.com.br\/index.php\/wp-json\/wp\/v2\/tags?post=7541"}],"curies":[{"name":"wp","href":"https:\/\/api.w.org\/{rel}","templated":true}]}}