{"id":7544,"date":"2020-06-26T23:17:28","date_gmt":"2020-06-26T23:17:28","guid":{"rendered":"https:\/\/oparanews.com.br\/?p=7544"},"modified":"2020-06-26T23:17:28","modified_gmt":"2020-06-26T23:17:28","slug":"prefeitura-de-penedo-prorroga-medidas-de-emergencia-contra-covid-19","status":"publish","type":"post","link":"https:\/\/www.oparanews.com.br\/index.php\/2020\/06\/26\/prefeitura-de-penedo-prorroga-medidas-de-emergencia-contra-covid-19\/","title":{"rendered":"Prefeitura de Penedo prorroga medidas de emerg\u00eancia contra Covid-19"},"content":{"rendered":"<p>Mantendo o alinhamento com as iniciativas do governo estadual para o enfrentamento da pandemia do novo coronav\u00edrus, a Prefeitura de Penedo prorrogou as medidas de emerg\u00eancia para combater a Covid-19.<\/p>\n<p>O alinhamento de a\u00e7\u00f5es entre a Prefeitura de Penedo e o Governo de Alagoas consta no Decreto Municipal n\u00ba 688, publicado na edi\u00e7\u00e3o desta quinta-feira, 25 de junho de 2020.<\/p>\n<p>Na pr\u00e1tica, o ato assinado pelo Prefeito M\u00e1rcius Beltr\u00e3o \u201catualiza as medidas para o enfrentamento da Emerg\u00eancia de Sa\u00fade P\u00fablica de Import\u00e2ncia Internacional decorrente do COVID \u2013 19 (Coronav\u00edrus) no \u00e2mbito do Munic\u00edpio de Penedo, conforme Decreto Estadual n.\u00ba 70.145, de 22 de junho de 2020\u201d, conforme consta no documento.<\/p>\n<p><a href=\"https:\/\/io.org.br\/al\/penedo\/prefeitura\/diarioOficial\/download\/11064\/1414\/D0724CD93403BD35E5FEA3D02D75363D8FC2E75A\"><strong>Acesse aqui o Decreto 688\/2020<\/strong><\/a><\/p>\n<p>&nbsp;<\/p>\n<p><strong>por Fernando Vin\u00edcius \u2013 Decom PMP<\/strong><\/p>\n<p>&nbsp;<\/p>\n","protected":false},"excerpt":{"rendered":"<p>Mantendo o alinhamento com as iniciativas do governo estadual para o enfrentamento da pandemia do novo coronav\u00edrus, a Prefeitura de Penedo prorrogou as medidas de emerg\u00eancia para combater a Covid-19. O alinhamento de a\u00e7\u00f5es entre a Prefeitura de Penedo e o Governo de Alagoas consta no Decreto Municipal n\u00ba 688, publicado na edi\u00e7\u00e3o desta quinta-feira, &hellip;<\/p>\n","protected":false},"author":1,"featured_media":7545,"comment_status":"open","ping_status":"open","sticky":false,"template":"","format":"standard","meta":{"_jetpack_newsletter_access":"","_jetpack_dont_email_post_to_subs":false,"_jetpack_newsletter_tier_id":0,"_jetpack_memberships_contains_paywalled_content":false,"_jetpack_memberships_contains_paid_content":false,"footnotes":""},"categories":[1],"tags":[],"class_list":["post-7544","post","type-post","status-publish","format-standard","has-post-thumbnail","hentry","category-destaque"],"jetpack_sharing_enabled":true,"jetpack_featured_media_url":"","_links":{"self":[{"href":"https:\/\/www.oparanews.com.br\/index.php\/wp-json\/wp\/v2\/posts\/7544","targetHints":{"allow":["GET"]}}],"collection":[{"href":"https:\/\/www.oparanews.com.br\/index.php\/wp-json\/wp\/v2\/posts"}],"about":[{"href":"https:\/\/www.oparanews.com.br\/index.php\/wp-json\/wp\/v2\/types\/post"}],"author":[{"embeddable":true,"href":"https:\/\/www.oparanews.com.br\/index.php\/wp-json\/wp\/v2\/users\/1"}],"replies":[{"embeddable":true,"href":"https:\/\/www.oparanews.com.br\/index.php\/wp-json\/wp\/v2\/comments?post=7544"}],"version-history":[{"count":0,"href":"https:\/\/www.oparanews.com.br\/index.php\/wp-json\/wp\/v2\/posts\/7544\/revisions"}],"wp:attachment":[{"href":"https:\/\/www.oparanews.com.br\/index.php\/wp-json\/wp\/v2\/media?parent=7544"}],"wp:term":[{"taxonomy":"category","embeddable":true,"href":"https:\/\/www.oparanews.com.br\/index.php\/wp-json\/wp\/v2\/categories?post=7544"},{"taxonomy":"post_tag","embeddable":true,"href":"https:\/\/www.oparanews.com.br\/index.php\/wp-json\/wp\/v2\/tags?post=7544"}],"curies":[{"name":"wp","href":"https:\/\/api.w.org\/{rel}","templated":true}]}}