{"id":7553,"date":"2020-06-26T23:23:41","date_gmt":"2020-06-26T23:23:41","guid":{"rendered":"https:\/\/oparanews.com.br\/?p=7553"},"modified":"2020-06-26T23:23:41","modified_gmt":"2020-06-26T23:23:41","slug":"unidade-de-sindromes-gripais-de-penedo-ja-esta-funcionando","status":"publish","type":"post","link":"https:\/\/www.oparanews.com.br\/index.php\/2020\/06\/26\/unidade-de-sindromes-gripais-de-penedo-ja-esta-funcionando\/","title":{"rendered":"Unidade de S\u00edndromes Gripais de Penedo j\u00e1 est\u00e1 funcionando"},"content":{"rendered":"<p>Qualquer pessoa residente em Penedo disp\u00f5e de local espec\u00edfico para avaliar se os sintomas de gripe que est\u00e1 sentido \u00e9 Covid-19 ou consequ\u00eancia de outro tipo de v\u00edrus.<\/p>\n<p>Aberto nesta sexta-feira, 26 de junho, a Unidade de Refer\u00eancia em S\u00edndromes Gripais atende exclusivamente a popula\u00e7\u00e3o de Penedo, mais um investimento do governo M\u00e1rcius Beltr\u00e3o\/Ronaldo Lopes direcionado ao enfrentamento do coronav\u00edrus.<\/p>\n<p>Instalada na antiga Escola Senai, pr\u00f3ximo ao Trevo da Toca do \u00cdndio, a Unidade de S\u00edndromes Gripais oferta assist\u00eancia por meio de equipe multiprofissional formada por m\u00e9dicos, enfermeiros, t\u00e9cnicos de enfermagem e assistente social.<\/p>\n<p><strong>Sintomas<\/strong><\/p>\n<p>\u201cQuem apresentar sintomas como tosse, febre, dor de cabe\u00e7a, dor de garganta ou n\u00e1useas, deve vir para a Unidade de Refer\u00eancia em S\u00edndromes Gripais. N\u00e3o precisa mais ir para o posto de sa\u00fade porque agora temos o servi\u00e7o referenciado. Caso a pessoa sinta falta de ar, a\u00ed \u00e9 preciso se dirigir para a UPA\u201d, explica Monike Souza Nunes Damasceno, Diretora da Aten\u00e7\u00e3o Prim\u00e1ria da Secretaria Municipal de Sa\u00fade (SEMS).<\/p>\n<p>Com cuidados de biosseguran\u00e7a no espa\u00e7o p\u00fablico, desde a recep\u00e7\u00e3o, o paciente \u00e9 avaliado inicialmente no setor de enfermagem. \u201cCaso se confirme a necessidade, ele ser\u00e1 notificado e encaminhado para consulta m\u00e9dica, recebendo a medica\u00e7\u00e3o\u201d, informa Monoke Souza, destacando a import\u00e2ncia do diagn\u00f3stico precoce da Covid-19.<\/p>\n<p>\u201cQuanto mais cedo come\u00e7armos o tratamento, menos chance o paciente tem de evoluir para um quadro mais grave\u201d, alerta a diretora da Aten\u00e7\u00e3o Prim\u00e1ria da SEMS Penedo, acrescentando a disponibilidade de testes r\u00e1pidos e que os casos notificados s\u00e3o monitorados, a princ\u00edpio, por meio de telefonemas e mensagens, via Whatsapp.<\/p>\n<p><strong>Monitoramento<\/strong><\/p>\n<p>Ainda sobre o acompanhamento dos pacientes notificados, o Secret\u00e1rio Marcos Beltr\u00e3o alertou para a import\u00e2ncia que as pessoas precisam dar aos contatos da SEMS Penedo.<\/p>\n<p>Durante entrevista a R\u00e1dio Penedo FM nesta sexta-feira, 26, ele informou que entre 70 e 80 pessoas notificadas pela pasta n\u00e3o atendem as liga\u00e7\u00f5es ou n\u00e3o retornam as mensagens, comportamento que inviabiliza a assist\u00eancia devida.<\/p>\n<p>Ainda sobre a rela\u00e7\u00e3o de contato entre paciente e a SEMS Penedo, Monike Souza ressalta a necessidade de apresenta\u00e7\u00e3o de comprovante de resid\u00eancia, al\u00e9m do cart\u00e3o SUS, na Unidade de Refer\u00eancia em S\u00edndromes Gripais.<\/p>\n<p>\u201cJ\u00e1 tivemos caso da equipe passar cerca de uma hora para localizar a casa de um paciente por erro no endere\u00e7o informado e tamb\u00e9m observamos que as pessoas t\u00eam dificuldade de saber dizer onde moram, por isso pedimos que tragam algum comprovante\u201d, esclareceu a servidora durante entrevista ao rep\u00f3rter Rafael Medeiros na manh\u00e3 de hoje.<\/p>\n<p>&nbsp;<\/p>\n<p><strong>por Fernando Vin\u00edcius \u2013 Decom PMP<\/strong><br \/>\n<strong>Imagens Divulga\u00e7\u00e3o SEMS Penedo<\/strong><\/p>\n<p>&nbsp;<\/p>\n","protected":false},"excerpt":{"rendered":"<p>Qualquer pessoa residente em Penedo disp\u00f5e de local espec\u00edfico para avaliar se os sintomas de gripe que est\u00e1 sentido \u00e9 Covid-19 ou consequ\u00eancia de outro tipo de v\u00edrus. Aberto nesta sexta-feira, 26 de junho, a Unidade de Refer\u00eancia em S\u00edndromes Gripais atende exclusivamente a popula\u00e7\u00e3o de Penedo, mais um investimento do governo M\u00e1rcius Beltr\u00e3o\/Ronaldo Lopes &hellip;<\/p>\n","protected":false},"author":1,"featured_media":7554,"comment_status":"open","ping_status":"open","sticky":false,"template":"","format":"standard","meta":{"_jetpack_newsletter_access":"","_jetpack_dont_email_post_to_subs":false,"_jetpack_newsletter_tier_id":0,"_jetpack_memberships_contains_paywalled_content":false,"_jetpack_memberships_contains_paid_content":false,"footnotes":""},"categories":[1],"tags":[],"class_list":["post-7553","post","type-post","status-publish","format-standard","has-post-thumbnail","hentry","category-destaque"],"jetpack_sharing_enabled":true,"jetpack_featured_media_url":"","_links":{"self":[{"href":"https:\/\/www.oparanews.com.br\/index.php\/wp-json\/wp\/v2\/posts\/7553","targetHints":{"allow":["GET"]}}],"collection":[{"href":"https:\/\/www.oparanews.com.br\/index.php\/wp-json\/wp\/v2\/posts"}],"about":[{"href":"https:\/\/www.oparanews.com.br\/index.php\/wp-json\/wp\/v2\/types\/post"}],"author":[{"embeddable":true,"href":"https:\/\/www.oparanews.com.br\/index.php\/wp-json\/wp\/v2\/users\/1"}],"replies":[{"embeddable":true,"href":"https:\/\/www.oparanews.com.br\/index.php\/wp-json\/wp\/v2\/comments?post=7553"}],"version-history":[{"count":0,"href":"https:\/\/www.oparanews.com.br\/index.php\/wp-json\/wp\/v2\/posts\/7553\/revisions"}],"wp:attachment":[{"href":"https:\/\/www.oparanews.com.br\/index.php\/wp-json\/wp\/v2\/media?parent=7553"}],"wp:term":[{"taxonomy":"category","embeddable":true,"href":"https:\/\/www.oparanews.com.br\/index.php\/wp-json\/wp\/v2\/categories?post=7553"},{"taxonomy":"post_tag","embeddable":true,"href":"https:\/\/www.oparanews.com.br\/index.php\/wp-json\/wp\/v2\/tags?post=7553"}],"curies":[{"name":"wp","href":"https:\/\/api.w.org\/{rel}","templated":true}]}}