{"id":7556,"date":"2020-06-26T23:28:33","date_gmt":"2020-06-26T23:28:33","guid":{"rendered":"https:\/\/oparanews.com.br\/?p=7556"},"modified":"2020-06-26T23:28:33","modified_gmt":"2020-06-26T23:28:33","slug":"time-do-catar-negocia-com-dudu-e-prepara-oferta-ao-palmeiras","status":"publish","type":"post","link":"https:\/\/www.oparanews.com.br\/index.php\/2020\/06\/26\/time-do-catar-negocia-com-dudu-e-prepara-oferta-ao-palmeiras\/","title":{"rendered":"Time do Catar negocia com Dudu e prepara oferta ao Palmeiras"},"content":{"rendered":"<p>O Palmeiras deve receber, nos pr\u00f3ximos dias, uma oferta oficial de um clube do Catar por Dudu. Representantes do jogador est\u00e3o conversando com o Al-Duhail e dirigentes palmeirenses est\u00e3o cientes das conversas, embora nada tenha chegado ainda. Os valores seguem sob sigilo, mas \u00e9 considerada alta a probabilidade de sa\u00edda do principal jogador do time.<\/p>\n<p>A informa\u00e7\u00e3o das conversas de Dudu com o Al-Duhail foi publicada primeiramente pelo Globo Esporte. Ao LANCE!, o Palmeiras disse n\u00e3o ter recebido nenhuma oferta ainda. Andr\u00e9 Cury, empres\u00e1rio do jogador, tamb\u00e9m negou que tenha sido realizada uma proposta formal pelo camisa 7.<\/p>\n<p>A situa\u00e7\u00e3o, contudo, d\u00e1 ind\u00edcios da sa\u00edda de Dudu. As conversas entre os agentes do jogador e o clube do Catar est\u00e3o ocorrendo, com dirigentes do Palmeiras cientes de que existe esse di\u00e1logo. O clube brasileiro, no entanto, n\u00e3o tem em m\u00e3os quais seriam os valores envolvidos, at\u00e9 porque n\u00e3o foi procurado de forma oficial por nenhum representante da equipe asi\u00e1tica.<\/p>\n<p>Dudu est\u00e1 no Palmeiras desde janeiro de 2015 e, frequentemente, \u00e9 alvo de equipes do exterior. No come\u00e7o do ano passado, quando esteve especulado, mais uma vez, para jogar na China, recebeu aumento salarial e assinou contrato at\u00e9 o final de 2023. Recentemente, afirmou que queria se aposentar no clube, mas seu nome continua despertando interesse fora do Brasil.<\/p>\n<p>O camisa 7 \u00e9 o principal nome do elenco atual do Palmeiras. Conquistou a Copa do Brasil de 2015 e os Campeonatos Brasileiros de 2016 e 2018 no clube, sempre entre os protagonistas, e ostenta a marca de ser o artilheiro do clube no s\u00e9culo, com 70 gols em 305 jogos, e \u00e9 ainda quem mais deu assist\u00eancias com a camisa alviverde desde 2001. Tamb\u00e9m acumula a lideran\u00e7a de ser quem mais jogou, balan\u00e7ou as redes e deu passe para gol no Allianz Parque.<\/p>\n<p>O avan\u00e7o das conversas com o clube do Catar chega em semana na qual Dudu est\u00e1 envolvido em pol\u00eamica fora de campo: o atacante \u00e9 acusado de agredir sua ex-mulher e foi liberado das avalia\u00e7\u00f5es f\u00edsicas do clube, na Academia de Futebol, na ter\u00e7a-feira, para prestar depoimento voluntariamente. O Palmeiras avisou que acompanha a investiga\u00e7\u00e3o e disse ser contra viol\u00eancia e injusti\u00e7a.<\/p>\n<p>&nbsp;<\/p>\n<p><strong>Fonte: Terra<\/strong><\/p>\n<p>&nbsp;<\/p>\n","protected":false},"excerpt":{"rendered":"<p>O Palmeiras deve receber, nos pr\u00f3ximos dias, uma oferta oficial de um clube do Catar por Dudu. Representantes do jogador est\u00e3o conversando com o Al-Duhail e dirigentes palmeirenses est\u00e3o cientes das conversas, embora nada tenha chegado ainda. Os valores seguem sob sigilo, mas \u00e9 considerada alta a probabilidade de sa\u00edda do principal jogador do time. &hellip;<\/p>\n","protected":false},"author":1,"featured_media":7557,"comment_status":"open","ping_status":"open","sticky":false,"template":"","format":"standard","meta":{"_jetpack_newsletter_access":"","_jetpack_dont_email_post_to_subs":false,"_jetpack_newsletter_tier_id":0,"_jetpack_memberships_contains_paywalled_content":false,"_jetpack_memberships_contains_paid_content":false,"footnotes":""},"categories":[1],"tags":[],"class_list":["post-7556","post","type-post","status-publish","format-standard","has-post-thumbnail","hentry","category-destaque"],"jetpack_sharing_enabled":true,"jetpack_featured_media_url":"","_links":{"self":[{"href":"https:\/\/www.oparanews.com.br\/index.php\/wp-json\/wp\/v2\/posts\/7556","targetHints":{"allow":["GET"]}}],"collection":[{"href":"https:\/\/www.oparanews.com.br\/index.php\/wp-json\/wp\/v2\/posts"}],"about":[{"href":"https:\/\/www.oparanews.com.br\/index.php\/wp-json\/wp\/v2\/types\/post"}],"author":[{"embeddable":true,"href":"https:\/\/www.oparanews.com.br\/index.php\/wp-json\/wp\/v2\/users\/1"}],"replies":[{"embeddable":true,"href":"https:\/\/www.oparanews.com.br\/index.php\/wp-json\/wp\/v2\/comments?post=7556"}],"version-history":[{"count":0,"href":"https:\/\/www.oparanews.com.br\/index.php\/wp-json\/wp\/v2\/posts\/7556\/revisions"}],"wp:attachment":[{"href":"https:\/\/www.oparanews.com.br\/index.php\/wp-json\/wp\/v2\/media?parent=7556"}],"wp:term":[{"taxonomy":"category","embeddable":true,"href":"https:\/\/www.oparanews.com.br\/index.php\/wp-json\/wp\/v2\/categories?post=7556"},{"taxonomy":"post_tag","embeddable":true,"href":"https:\/\/www.oparanews.com.br\/index.php\/wp-json\/wp\/v2\/tags?post=7556"}],"curies":[{"name":"wp","href":"https:\/\/api.w.org\/{rel}","templated":true}]}}