{"id":7559,"date":"2020-06-26T23:30:37","date_gmt":"2020-06-26T23:30:37","guid":{"rendered":"https:\/\/oparanews.com.br\/?p=7559"},"modified":"2020-06-26T23:30:37","modified_gmt":"2020-06-26T23:30:37","slug":"eliana-testa-positivo-para-covid-19-e-e-afastada-no-sbt","status":"publish","type":"post","link":"https:\/\/www.oparanews.com.br\/index.php\/2020\/06\/26\/eliana-testa-positivo-para-covid-19-e-e-afastada-no-sbt\/","title":{"rendered":"Eliana testa positivo para covid-19 e \u00e9 afastada no SBT"},"content":{"rendered":"<p>O SBT informou nesta sexta-feira (26) que a apresentadora Eliana testou positivo para o coronav\u00edrus e que ser\u00e1 afastada imediatamente de suas atividades na emissora. No entanto, a emissora tamb\u00e9m informou que Eliana se encontra assintom\u00e1tica, passa bem e est\u00e1 sendo monitorada.<\/p>\n<p>A apresentadora participou de grava\u00e7\u00f5es do quadro &#8220;Minha Mulher Que Manda&#8221; para a emissora ontem, quinta-feira (25), o que gerou preocupa\u00e7\u00e3o de contamina\u00e7\u00e3o para a produ\u00e7\u00e3o. Com isso, equipe, elenco e convidados do programa foram alertados e est\u00e3o sendo monitorados. A emissora diz que &#8220;vem seguindo todos os protocolos m\u00e9dicos recomendados pelo Minist\u00e9rio da Sa\u00fade e outras atividades sanit\u00e1rias&#8221;<\/p>\n<p>Em seu Instagram, Eliana disse que ficou &#8220;sem ch\u00e3o, triste e surpresa&#8221; com a not\u00edcia do resultado positivo para a covid-19<\/p>\n<p>&#8220;Depois de duas semanas intensas de grava\u00e7\u00f5es tomando todas as precau\u00e7\u00f5es que estavam ao meu alcance n\u00e3o poderia imaginar que aconteceria. Sigo assintom\u00e1tica, agora em isolamento total e com toda a f\u00e9 que tenho na vida e em Deus de que logo em breve estarei recuperada. Desejo a todos sa\u00fade e amor sempre.&#8221;, completou a apresentadora.<\/p>\n<p>&nbsp;<\/p>\n<p><strong>Fonte: Terra<\/strong><\/p>\n<p>&nbsp;<\/p>\n","protected":false},"excerpt":{"rendered":"<p>O SBT informou nesta sexta-feira (26) que a apresentadora Eliana testou positivo para o coronav\u00edrus e que ser\u00e1 afastada imediatamente de suas atividades na emissora. No entanto, a emissora tamb\u00e9m informou que Eliana se encontra assintom\u00e1tica, passa bem e est\u00e1 sendo monitorada. A apresentadora participou de grava\u00e7\u00f5es do quadro &#8220;Minha Mulher Que Manda&#8221; para a &hellip;<\/p>\n","protected":false},"author":1,"featured_media":7560,"comment_status":"open","ping_status":"open","sticky":false,"template":"","format":"standard","meta":{"_jetpack_newsletter_access":"","_jetpack_dont_email_post_to_subs":false,"_jetpack_newsletter_tier_id":0,"_jetpack_memberships_contains_paywalled_content":false,"_jetpack_memberships_contains_paid_content":false,"footnotes":""},"categories":[1],"tags":[],"class_list":["post-7559","post","type-post","status-publish","format-standard","has-post-thumbnail","hentry","category-destaque"],"jetpack_sharing_enabled":true,"jetpack_featured_media_url":"","_links":{"self":[{"href":"https:\/\/www.oparanews.com.br\/index.php\/wp-json\/wp\/v2\/posts\/7559","targetHints":{"allow":["GET"]}}],"collection":[{"href":"https:\/\/www.oparanews.com.br\/index.php\/wp-json\/wp\/v2\/posts"}],"about":[{"href":"https:\/\/www.oparanews.com.br\/index.php\/wp-json\/wp\/v2\/types\/post"}],"author":[{"embeddable":true,"href":"https:\/\/www.oparanews.com.br\/index.php\/wp-json\/wp\/v2\/users\/1"}],"replies":[{"embeddable":true,"href":"https:\/\/www.oparanews.com.br\/index.php\/wp-json\/wp\/v2\/comments?post=7559"}],"version-history":[{"count":0,"href":"https:\/\/www.oparanews.com.br\/index.php\/wp-json\/wp\/v2\/posts\/7559\/revisions"}],"wp:attachment":[{"href":"https:\/\/www.oparanews.com.br\/index.php\/wp-json\/wp\/v2\/media?parent=7559"}],"wp:term":[{"taxonomy":"category","embeddable":true,"href":"https:\/\/www.oparanews.com.br\/index.php\/wp-json\/wp\/v2\/categories?post=7559"},{"taxonomy":"post_tag","embeddable":true,"href":"https:\/\/www.oparanews.com.br\/index.php\/wp-json\/wp\/v2\/tags?post=7559"}],"curies":[{"name":"wp","href":"https:\/\/api.w.org\/{rel}","templated":true}]}}