{"id":7576,"date":"2020-06-27T21:56:31","date_gmt":"2020-06-27T21:56:31","guid":{"rendered":"https:\/\/oparanews.com.br\/?p=7576"},"modified":"2020-06-27T21:56:31","modified_gmt":"2020-06-27T21:56:31","slug":"barreiras-sanitarias-bloquearam-mais-de-12-mil-pessoas-em-tres-meses","status":"publish","type":"post","link":"https:\/\/www.oparanews.com.br\/index.php\/2020\/06\/27\/barreiras-sanitarias-bloquearam-mais-de-12-mil-pessoas-em-tres-meses\/","title":{"rendered":"Barreiras sanit\u00e1rias bloquearam mais de 12 mil pessoas em tr\u00eas meses"},"content":{"rendered":"<p>As barreiras sanit\u00e1rias criadas pela Prefeitura de Penedo como forma de combate a pandemia do coronav\u00edrus (Covid-19) completam nesta sexta sexta-feira, 26 de junho, exatos tr\u00eas meses de funcionamento. Neste per\u00edodo, 12.572 pessoas n\u00e3o foram autorizadas a entrar na cidade.<\/p>\n<p>O n\u00famero equivale \u00e0 soma de ocupantes de ve\u00edculos bloqueados nas barreiras instaladas nas rodovias AL 101 Sul e AL 110 com o de passageiros que retornaram para as embarca\u00e7\u00f5es, ap\u00f3s serem abordadas no controle que funciona no porto das balsas.<\/p>\n<p>No mesmo per\u00edodo, mais 92 pessoas n\u00e3o tiveram permiss\u00e3o para entrar em Penedo por apresentarem quadro febril, temperatura igual ou superior a 37,3 graus. O sintoma pode ser de cont\u00e1gio por Covid-19, por isso a passagem n\u00e3o foi autorizada.<\/p>\n<p>Ainda com base nos tr\u00eas meses de efetiva\u00e7\u00e3o das barreiras sanit\u00e1rias, 3.481 fichas de controle para consulta m\u00e9dica ou tratamento de sa\u00fade foram expedidas, assim como 1.328 cadastros para prestadores de servi\u00e7os essenciais trabalharem em Penedo.<\/p>\n<p><strong>Acesso<\/strong><\/p>\n<p>Sobre pessoas que est\u00e3o apenas de passagem, com trajeto por Penedo, as equipes das barreiras emitiram 25.486 fichas de controle. Os dados atualizados das barreiras sanit\u00e1rias mostram ainda que, nas \u00faltimas 24 horas, 4.891 pessoas foram abordadas.<\/p>\n<p>Apesar do trabalho intensivo da Prefeitura de Penedo, principalmente por meio da Secretaria Municipal de Sa\u00fade (SEMS), a quantidade de casos confirmados de Covid-19 aumentou.<\/p>\n<p>Para o gestor da pasta, Marcos Beltr\u00e3o, o crescimento \u00e9 consequ\u00eancia do relaxamento, por parte da popula\u00e7\u00e3o, das medidas restritivas, como isolamento e distanciamento social, agravada por falta do uso da m\u00e1scara facial.<\/p>\n<p><strong>Recomenda\u00e7\u00f5es<\/strong><\/p>\n<p>\u201c\u00c9 preciso que todos entendam a gravidade da situa\u00e7\u00e3o e atendam as recomenda\u00e7\u00f5es. N\u00f3s sabemos que \u00e9 cansativo, \u00e9 chato, mas ainda n\u00e3o existe vacina contra o coronav\u00edrus e a gente precisa contar com a colabora\u00e7\u00e3o das pessoas\u201d, alertou Marcos Beltr\u00e3o durante entrevista no Programa Realidade (R\u00e1dio Penedo FM).<\/p>\n<p>O gestor da pasta falou ainda sobre a abertura da Unidade de Refer\u00eancia em S\u00edndromes Gripais e o funcionamento da UTI da Santa Casa de Penedo, setor cuja decis\u00e3o sobre o uso dos leitos \u00e9 de responsabilidade da Secretaria de Estado da Sa\u00fade e pode ser usada por paciente de qualquer um dos 102 munic\u00edpios alagoanos.<\/p>\n<p>\u201cUTI n\u00e3o \u00e9 rem\u00e9dio, serve para atender casos graves e mesmo se a gente colocasse 50 leitos \u00e0 disposi\u00e7\u00e3o e as pessoas continuarem sem atender as recomenda\u00e7\u00f5es, eles ficariam lotados em dois dias\u201d, frisou o gestor da SEMS Penedo nesta sexta-feira, 26.<\/p>\n<p>&nbsp;<\/p>\n<p><strong>por Fernando Vin\u00edcius \u2013 Decom PMP<\/strong><\/p>\n<p>&nbsp;<\/p>\n","protected":false},"excerpt":{"rendered":"<p>As barreiras sanit\u00e1rias criadas pela Prefeitura de Penedo como forma de combate a pandemia do coronav\u00edrus (Covid-19) completam nesta sexta sexta-feira, 26 de junho, exatos tr\u00eas meses de funcionamento. Neste per\u00edodo, 12.572 pessoas n\u00e3o foram autorizadas a entrar na cidade. O n\u00famero equivale \u00e0 soma de ocupantes de ve\u00edculos bloqueados nas barreiras instaladas nas rodovias &hellip;<\/p>\n","protected":false},"author":1,"featured_media":7577,"comment_status":"open","ping_status":"open","sticky":false,"template":"","format":"standard","meta":{"_jetpack_newsletter_access":"","_jetpack_dont_email_post_to_subs":false,"_jetpack_newsletter_tier_id":0,"_jetpack_memberships_contains_paywalled_content":false,"_jetpack_memberships_contains_paid_content":false,"footnotes":""},"categories":[1],"tags":[],"class_list":["post-7576","post","type-post","status-publish","format-standard","has-post-thumbnail","hentry","category-destaque"],"jetpack_sharing_enabled":true,"jetpack_featured_media_url":"","_links":{"self":[{"href":"https:\/\/www.oparanews.com.br\/index.php\/wp-json\/wp\/v2\/posts\/7576","targetHints":{"allow":["GET"]}}],"collection":[{"href":"https:\/\/www.oparanews.com.br\/index.php\/wp-json\/wp\/v2\/posts"}],"about":[{"href":"https:\/\/www.oparanews.com.br\/index.php\/wp-json\/wp\/v2\/types\/post"}],"author":[{"embeddable":true,"href":"https:\/\/www.oparanews.com.br\/index.php\/wp-json\/wp\/v2\/users\/1"}],"replies":[{"embeddable":true,"href":"https:\/\/www.oparanews.com.br\/index.php\/wp-json\/wp\/v2\/comments?post=7576"}],"version-history":[{"count":0,"href":"https:\/\/www.oparanews.com.br\/index.php\/wp-json\/wp\/v2\/posts\/7576\/revisions"}],"wp:attachment":[{"href":"https:\/\/www.oparanews.com.br\/index.php\/wp-json\/wp\/v2\/media?parent=7576"}],"wp:term":[{"taxonomy":"category","embeddable":true,"href":"https:\/\/www.oparanews.com.br\/index.php\/wp-json\/wp\/v2\/categories?post=7576"},{"taxonomy":"post_tag","embeddable":true,"href":"https:\/\/www.oparanews.com.br\/index.php\/wp-json\/wp\/v2\/tags?post=7576"}],"curies":[{"name":"wp","href":"https:\/\/api.w.org\/{rel}","templated":true}]}}