{"id":7579,"date":"2020-06-27T22:00:20","date_gmt":"2020-06-27T22:00:20","guid":{"rendered":"https:\/\/oparanews.com.br\/?p=7579"},"modified":"2020-06-27T22:00:20","modified_gmt":"2020-06-27T22:00:20","slug":"operacao-integrada-apreende-cerca-de-9-mil-aves-sem-nota-fiscal","status":"publish","type":"post","link":"https:\/\/www.oparanews.com.br\/index.php\/2020\/06\/27\/operacao-integrada-apreende-cerca-de-9-mil-aves-sem-nota-fiscal\/","title":{"rendered":"Opera\u00e7\u00e3o integrada apreende cerca de 9 mil aves sem nota fiscal"},"content":{"rendered":"<p>Em opera\u00e7\u00e3o conjunta, a Secretaria de Estado da Fazenda (Sefaz-AL), Ag\u00eancia de Defesa e Inspe\u00e7\u00e3o Agropecu\u00e1ria (Adeal) e o Batalh\u00e3o de Pol\u00edcia Rodovi\u00e1ria (BPRv) apreenderam, nessa sexta-feira (26), nove caminh\u00f5es com cerca de 9 mil aves sem nota fiscal em Alagoas.<\/p>\n<p>As cargas foram interceptadas em Macei\u00f3 e Arapiraca. Oriundas de Pernambuco, n\u00e3o possu\u00edam nenhuma certifica\u00e7\u00e3o sanit\u00e1ria e, por isso, foram retidas, juntamente com os ve\u00edculos. J\u00e1 os motoristas foram autuados.<\/p>\n<p>De acordo com o Superintendente Especial da Receita Estadual, Francisco Suruagy, a\u00e7\u00f5es como essa s\u00e3o de extrema import\u00e2ncia, pois ajudam a combater o transporte de mercadorias com proced\u00eancia duvidosa, evitam o desemprego e a fal\u00eancia do com\u00e9rcio alagoano, al\u00e9m de coibir a sonega\u00e7\u00e3o fiscal no Estado.<\/p>\n<p>\u201cO imposto n\u00e3o recolhido \u00e9 preju\u00edzo na sa\u00fade, educa\u00e7\u00e3o, seguran\u00e7a p\u00fablica e infraestrutura. O cidad\u00e3o alagoano deve se conscientizar ao n\u00e3o consumo desses produtos, que podem causar danos a si mesmo e ainda lesar a concorr\u00eancia leal no Estado\u201d, alerta.<\/p>\n<p>&nbsp;<\/p>\n<p><strong>Fonte: Ag\u00eancia Alagoas<\/strong><\/p>\n<p>&nbsp;<\/p>\n","protected":false},"excerpt":{"rendered":"<p>Em opera\u00e7\u00e3o conjunta, a Secretaria de Estado da Fazenda (Sefaz-AL), Ag\u00eancia de Defesa e Inspe\u00e7\u00e3o Agropecu\u00e1ria (Adeal) e o Batalh\u00e3o de Pol\u00edcia Rodovi\u00e1ria (BPRv) apreenderam, nessa sexta-feira (26), nove caminh\u00f5es com cerca de 9 mil aves sem nota fiscal em Alagoas. As cargas foram interceptadas em Macei\u00f3 e Arapiraca. Oriundas de Pernambuco, n\u00e3o possu\u00edam nenhuma &hellip;<\/p>\n","protected":false},"author":1,"featured_media":7580,"comment_status":"open","ping_status":"open","sticky":false,"template":"","format":"standard","meta":{"_jetpack_newsletter_access":"","_jetpack_dont_email_post_to_subs":false,"_jetpack_newsletter_tier_id":0,"_jetpack_memberships_contains_paywalled_content":false,"_jetpack_memberships_contains_paid_content":false,"footnotes":""},"categories":[1],"tags":[],"class_list":["post-7579","post","type-post","status-publish","format-standard","has-post-thumbnail","hentry","category-destaque"],"jetpack_sharing_enabled":true,"jetpack_featured_media_url":"","_links":{"self":[{"href":"https:\/\/www.oparanews.com.br\/index.php\/wp-json\/wp\/v2\/posts\/7579","targetHints":{"allow":["GET"]}}],"collection":[{"href":"https:\/\/www.oparanews.com.br\/index.php\/wp-json\/wp\/v2\/posts"}],"about":[{"href":"https:\/\/www.oparanews.com.br\/index.php\/wp-json\/wp\/v2\/types\/post"}],"author":[{"embeddable":true,"href":"https:\/\/www.oparanews.com.br\/index.php\/wp-json\/wp\/v2\/users\/1"}],"replies":[{"embeddable":true,"href":"https:\/\/www.oparanews.com.br\/index.php\/wp-json\/wp\/v2\/comments?post=7579"}],"version-history":[{"count":0,"href":"https:\/\/www.oparanews.com.br\/index.php\/wp-json\/wp\/v2\/posts\/7579\/revisions"}],"wp:attachment":[{"href":"https:\/\/www.oparanews.com.br\/index.php\/wp-json\/wp\/v2\/media?parent=7579"}],"wp:term":[{"taxonomy":"category","embeddable":true,"href":"https:\/\/www.oparanews.com.br\/index.php\/wp-json\/wp\/v2\/categories?post=7579"},{"taxonomy":"post_tag","embeddable":true,"href":"https:\/\/www.oparanews.com.br\/index.php\/wp-json\/wp\/v2\/tags?post=7579"}],"curies":[{"name":"wp","href":"https:\/\/api.w.org\/{rel}","templated":true}]}}