{"id":7582,"date":"2020-06-27T22:02:57","date_gmt":"2020-06-27T22:02:57","guid":{"rendered":"https:\/\/oparanews.com.br\/?p=7582"},"modified":"2020-06-27T22:02:57","modified_gmt":"2020-06-27T22:02:57","slug":"prefeitura-de-penedo-vai-intensificar-vigilancia-sobre-pessoas-notificadas-com-covid-19","status":"publish","type":"post","link":"https:\/\/www.oparanews.com.br\/index.php\/2020\/06\/27\/prefeitura-de-penedo-vai-intensificar-vigilancia-sobre-pessoas-notificadas-com-covid-19\/","title":{"rendered":"Prefeitura de Penedo vai intensificar vigil\u00e2ncia sobre pessoas notificadas com Covid-19"},"content":{"rendered":"<p>O C\u00f3digo Penal brasileiro prev\u00ea puni\u00e7\u00f5es para quem desrespeita determina\u00e7\u00e3o de isolamento, regra que se aplica para pessoas diagnosticadas ou com suspeita de Covid-19 e saem de casa, ignorando a necessidade de cumprir quarentena.<\/p>\n<p>A atitude que gera a dissemina\u00e7\u00e3o do coronav\u00edrus pode ser classificada como conduta criminosa e pode render de 10 a 15 anos de reclus\u00e3o. Caso a pessoa contaminada, j\u00e1 ciente de sua condi\u00e7\u00e3o, provoque a morte de outra, de forma intencional, a pena \u00e9 aplicada em dobro.<\/p>\n<p>Amparada na legisla\u00e7\u00e3o e com objetivo de reduzir a dissemina\u00e7\u00e3o do coronav\u00edrus no munic\u00edpio, a Prefeitura de Penedo vai intensificar a vigil\u00e2ncia sobre pessoas contaminadas.<\/p>\n<p>De acordo com o Secret\u00e1rio Municipal de Sa\u00fade, Marcos Beltr\u00e3o, os flagrantes de desrespeito ser\u00e3o encaminhados ao Minist\u00e9rio P\u00fablico Estadual, a partir da pr\u00f3xima semana, conforme anunciou nesta sexta-feira, 26, no Programa Realidade.<\/p>\n<p><a href=\"https:\/\/oparanews.com.br\/wp-content\/uploads\/2020\/06\/Sem-t\u00edtulo-108.jpg\"><img loading=\"lazy\" decoding=\"async\" class=\"alignleft size-medium wp-image-7584\" src=\"https:\/\/oparanews.com.br\/wp-content\/uploads\/2020\/06\/Sem-t\u00edtulo-108-300x300.jpg\" alt=\"\" width=\"300\" height=\"300\" \/><\/a><\/p>\n<p>A viola\u00e7\u00e3o da regra de isolamento determinada por decreto municipal e estadual pode gerar condena\u00e7\u00e3o do infrator a pena que varia de um m\u00eas a um ano de reclus\u00e3o, al\u00e9m de multa, quando a quebra da quarentena n\u00e3o resultar em morte de outra pessoa.<\/p>\n<p>\u201cA gente precisa endurecer com pessoas que n\u00e3o est\u00e3o seguindo as recomenda\u00e7\u00f5es, tem gente achando que \u00e9 bobagem. J\u00e1 temos casos de pessoas notificadas que a equipe da Secretaria esteve por duas vezes na casa dela e n\u00e3o se encontrava\u201d, disse Marcos Beltr\u00e3o.<\/p>\n<p>O gestor da SEMS Penedo pediu ainda a colabora\u00e7\u00e3o da popula\u00e7\u00e3o, informando esse tipo de situa\u00e7\u00e3o ao SOS Covid (99912-3351), contato exclusivo por mensagens de Whatsapp.<\/p>\n<p>&nbsp;<\/p>\n<p><strong>por Fernando Vin\u00edcius \u2013 Decom PMP<\/strong><\/p>\n<p>&nbsp;<\/p>\n","protected":false},"excerpt":{"rendered":"<p>O C\u00f3digo Penal brasileiro prev\u00ea puni\u00e7\u00f5es para quem desrespeita determina\u00e7\u00e3o de isolamento, regra que se aplica para pessoas diagnosticadas ou com suspeita de Covid-19 e saem de casa, ignorando a necessidade de cumprir quarentena. A atitude que gera a dissemina\u00e7\u00e3o do coronav\u00edrus pode ser classificada como conduta criminosa e pode render de 10 a 15 &hellip;<\/p>\n","protected":false},"author":1,"featured_media":7583,"comment_status":"open","ping_status":"open","sticky":false,"template":"","format":"standard","meta":{"_jetpack_newsletter_access":"","_jetpack_dont_email_post_to_subs":false,"_jetpack_newsletter_tier_id":0,"_jetpack_memberships_contains_paywalled_content":false,"_jetpack_memberships_contains_paid_content":false,"footnotes":""},"categories":[1],"tags":[],"class_list":["post-7582","post","type-post","status-publish","format-standard","has-post-thumbnail","hentry","category-destaque"],"jetpack_sharing_enabled":true,"jetpack_featured_media_url":"","_links":{"self":[{"href":"https:\/\/www.oparanews.com.br\/index.php\/wp-json\/wp\/v2\/posts\/7582","targetHints":{"allow":["GET"]}}],"collection":[{"href":"https:\/\/www.oparanews.com.br\/index.php\/wp-json\/wp\/v2\/posts"}],"about":[{"href":"https:\/\/www.oparanews.com.br\/index.php\/wp-json\/wp\/v2\/types\/post"}],"author":[{"embeddable":true,"href":"https:\/\/www.oparanews.com.br\/index.php\/wp-json\/wp\/v2\/users\/1"}],"replies":[{"embeddable":true,"href":"https:\/\/www.oparanews.com.br\/index.php\/wp-json\/wp\/v2\/comments?post=7582"}],"version-history":[{"count":0,"href":"https:\/\/www.oparanews.com.br\/index.php\/wp-json\/wp\/v2\/posts\/7582\/revisions"}],"wp:attachment":[{"href":"https:\/\/www.oparanews.com.br\/index.php\/wp-json\/wp\/v2\/media?parent=7582"}],"wp:term":[{"taxonomy":"category","embeddable":true,"href":"https:\/\/www.oparanews.com.br\/index.php\/wp-json\/wp\/v2\/categories?post=7582"},{"taxonomy":"post_tag","embeddable":true,"href":"https:\/\/www.oparanews.com.br\/index.php\/wp-json\/wp\/v2\/tags?post=7582"}],"curies":[{"name":"wp","href":"https:\/\/api.w.org\/{rel}","templated":true}]}}