{"id":7589,"date":"2020-06-27T22:12:48","date_gmt":"2020-06-27T22:12:48","guid":{"rendered":"https:\/\/oparanews.com.br\/?p=7589"},"modified":"2020-06-27T22:12:48","modified_gmt":"2020-06-27T22:12:48","slug":"flamengo-apresentara-novo-patrocinador-master","status":"publish","type":"post","link":"https:\/\/www.oparanews.com.br\/index.php\/2020\/06\/27\/flamengo-apresentara-novo-patrocinador-master\/","title":{"rendered":"Flamengo apresentar\u00e1 novo patrocinador master"},"content":{"rendered":"<p>Na pr\u00f3xima quarta-feira, dia 1\u00ba de julho, a Sede da G\u00e1vea receber\u00e1 a coletiva de apresenta\u00e7\u00e3o da parceria entre Flamengo e BRB, o novo patrocinador master do futebol rubro-negro. Em respeito \u00e0s recomenda\u00e7\u00f5es da OMS e \u00e0s atuais normas de seguran\u00e7a no combate ao novo coronav\u00edrus, a entrevista com a dire\u00e7\u00e3o do clube e representantes do banco estatal ser\u00e1 feita remotamente.<\/p>\n<p>O canal do Flamengo no Youtube, contudo, transmitir\u00e1 o evento ao vivo. A coletiva est\u00e1 marcada para \u00e0s 11h, informou o clube da G\u00e1vea neste s\u00e1bado.<\/p>\n<p>a coletiva ser\u00e1 restrita apenas para funcion\u00e1rios do clube e funcion\u00e1rios do BRB envolvidos diretamente no evento, refor\u00e7ou o Flamengo, que tamb\u00e9m adotou protocolos r\u00edgidos de seguran\u00e7a na rotina do departamento de futebol no CT.<\/p>\n<p>O presidente Rodolfo Landim anunciou a parceria com o Banco de Bras\u00edlia no \u00faltimo dia 19. Agora, o Conselho Deliberativo j\u00e1 foi convocado e tem at\u00e9 o dia 29, segunda-feira, para votar e apreciar o contrato, como informou o LANCE!.<\/p>\n<p>O BRB substituir\u00e1 o Banco BS2 como patrocinador master do Flamengo, que, diante da melhor oferta, optou por encerrar o v\u00ednculo com o BS2 &#8211; que iria at\u00e9 dezembro de 2020 &#8211; com seis meses de anteced\u00eancia, no pr\u00f3ximo dia 30.<\/p>\n<p>Assim, o BRB far\u00e1 sua estreia no uniforme rubro-negro j\u00e1 contra o Boavista, no dia 1\u00ba de julho, em partida que o clube deseja transmitir tamb\u00e9m pela FlaTV.<\/p>\n<p>&nbsp;<\/p>\n<p><strong>Fonte: LANCE!<\/strong><\/p>\n<p>&nbsp;<\/p>\n","protected":false},"excerpt":{"rendered":"<p>Na pr\u00f3xima quarta-feira, dia 1\u00ba de julho, a Sede da G\u00e1vea receber\u00e1 a coletiva de apresenta\u00e7\u00e3o da parceria entre Flamengo e BRB, o novo patrocinador master do futebol rubro-negro. Em respeito \u00e0s recomenda\u00e7\u00f5es da OMS e \u00e0s atuais normas de seguran\u00e7a no combate ao novo coronav\u00edrus, a entrevista com a dire\u00e7\u00e3o do clube e representantes &hellip;<\/p>\n","protected":false},"author":1,"featured_media":7590,"comment_status":"open","ping_status":"open","sticky":false,"template":"","format":"standard","meta":{"_jetpack_newsletter_access":"","_jetpack_dont_email_post_to_subs":false,"_jetpack_newsletter_tier_id":0,"_jetpack_memberships_contains_paywalled_content":false,"_jetpack_memberships_contains_paid_content":false,"footnotes":""},"categories":[1],"tags":[],"class_list":["post-7589","post","type-post","status-publish","format-standard","has-post-thumbnail","hentry","category-destaque"],"jetpack_sharing_enabled":true,"jetpack_featured_media_url":"","_links":{"self":[{"href":"https:\/\/www.oparanews.com.br\/index.php\/wp-json\/wp\/v2\/posts\/7589","targetHints":{"allow":["GET"]}}],"collection":[{"href":"https:\/\/www.oparanews.com.br\/index.php\/wp-json\/wp\/v2\/posts"}],"about":[{"href":"https:\/\/www.oparanews.com.br\/index.php\/wp-json\/wp\/v2\/types\/post"}],"author":[{"embeddable":true,"href":"https:\/\/www.oparanews.com.br\/index.php\/wp-json\/wp\/v2\/users\/1"}],"replies":[{"embeddable":true,"href":"https:\/\/www.oparanews.com.br\/index.php\/wp-json\/wp\/v2\/comments?post=7589"}],"version-history":[{"count":0,"href":"https:\/\/www.oparanews.com.br\/index.php\/wp-json\/wp\/v2\/posts\/7589\/revisions"}],"wp:attachment":[{"href":"https:\/\/www.oparanews.com.br\/index.php\/wp-json\/wp\/v2\/media?parent=7589"}],"wp:term":[{"taxonomy":"category","embeddable":true,"href":"https:\/\/www.oparanews.com.br\/index.php\/wp-json\/wp\/v2\/categories?post=7589"},{"taxonomy":"post_tag","embeddable":true,"href":"https:\/\/www.oparanews.com.br\/index.php\/wp-json\/wp\/v2\/tags?post=7589"}],"curies":[{"name":"wp","href":"https:\/\/api.w.org\/{rel}","templated":true}]}}