{"id":7592,"date":"2020-06-27T22:18:44","date_gmt":"2020-06-27T22:18:44","guid":{"rendered":"https:\/\/oparanews.com.br\/?p=7592"},"modified":"2020-06-27T22:18:44","modified_gmt":"2020-06-27T22:18:44","slug":"queiroz-negocia-delacao-premiada-com-ministerio-publico","status":"publish","type":"post","link":"https:\/\/www.oparanews.com.br\/index.php\/2020\/06\/27\/queiroz-negocia-delacao-premiada-com-ministerio-publico\/","title":{"rendered":"Queiroz negocia dela\u00e7\u00e3o premiada com Minist\u00e9rio P\u00fablico"},"content":{"rendered":"<p>A defesa do ex-assessor do ent\u00e3o deputado estadual Flavio Bolsonaro, Fabr\u00edcio Queiroz, estaria negociando com o Minist\u00e9rio P\u00fablico do Rio de Janeiro uma dela\u00e7\u00e3o premiada, informou a emissora &#8220;CNN Brasil&#8221; nesta sexta-feira (26).<\/p>\n<p>Segundo fontes citadas pela reportagem, a &#8220;maior preocupa\u00e7\u00e3o de Queiroz \u00e9 com a fam\u00edlia dele&#8221; e ele est\u00e1 buscando por &#8220;garantias de prote\u00e7\u00e3o no processo para a mulher, M\u00e1rcia Aguiar de Oliveira&#8221; e para as suas filhas.<\/p>\n<p>A esposa do ex-assessor tem um mandado de pris\u00e3o preventiva em aberto e \u00e9 considerada foragida da Justi\u00e7a. J\u00e1 as filhas s\u00e3o investigadas no caso da &#8220;rachadinha&#8221;, uma pr\u00e1tica que devolvia parte do pagamento do sal\u00e1rio recebido para os pol\u00edticos e os gabinetes.<\/p>\n<p>No entanto, a defesa de Queiroz enviou, por meio de nota \u00e0 emissora, que a informa\u00e7\u00e3o &#8220;n\u00e3o corresponde \u00e0 verdade&#8221; e que n\u00e3o est\u00e1 trabalhando em uma dela\u00e7\u00e3o premiada.<\/p>\n<p>Queiroz \u00e9 considerado uma pe\u00e7a-chave para entender o esquema da &#8220;rachadinha&#8221; na Assembleia Legislativa do Rio de Janeiro. Em diversas investiga\u00e7\u00f5es do Minist\u00e9rio P\u00fablico, foi descoberto que toda a fam\u00edlia depositava parte do sal\u00e1rio em um conta movimentada por Queiroz &#8211; e que esse dinheiro foi sacado e usado para pagar, por exemplo, a escola das filhas de Flavio Bolsonaro.<\/p>\n<p>O ex-assessor foi preso no dia 18 de junho, em um s\u00edtio de Atibaia, em S\u00e3o Paulo. A casa pertence ao ex-advogado de Flavio &#8211; e que tamb\u00e9m j\u00e1 atuou na defesa do presidente, Jair Bolsonaro &#8211; Frederick Wassef.<\/p>\n<p>Ap\u00f3s dar v\u00e1rias entrevistas afirmando que n\u00e3o conhecia Queiroz, Wassef admitiu \u00e0 revista &#8220;Veja&#8221; que escondeu o ex-assessor para evitar que ele &#8220;fosse assassinado&#8221;.<\/p>\n<p>&nbsp;<\/p>\n<p><strong>Fonte: Terra<\/strong><\/p>\n<p>&nbsp;<\/p>\n","protected":false},"excerpt":{"rendered":"<p>A defesa do ex-assessor do ent\u00e3o deputado estadual Flavio Bolsonaro, Fabr\u00edcio Queiroz, estaria negociando com o Minist\u00e9rio P\u00fablico do Rio de Janeiro uma dela\u00e7\u00e3o premiada, informou a emissora &#8220;CNN Brasil&#8221; nesta sexta-feira (26). Segundo fontes citadas pela reportagem, a &#8220;maior preocupa\u00e7\u00e3o de Queiroz \u00e9 com a fam\u00edlia dele&#8221; e ele est\u00e1 buscando por &#8220;garantias de &hellip;<\/p>\n","protected":false},"author":1,"featured_media":7593,"comment_status":"open","ping_status":"open","sticky":false,"template":"","format":"standard","meta":{"_jetpack_newsletter_access":"","_jetpack_dont_email_post_to_subs":false,"_jetpack_newsletter_tier_id":0,"_jetpack_memberships_contains_paywalled_content":false,"_jetpack_memberships_contains_paid_content":false,"footnotes":""},"categories":[1],"tags":[],"class_list":["post-7592","post","type-post","status-publish","format-standard","has-post-thumbnail","hentry","category-destaque"],"jetpack_sharing_enabled":true,"jetpack_featured_media_url":"","_links":{"self":[{"href":"https:\/\/www.oparanews.com.br\/index.php\/wp-json\/wp\/v2\/posts\/7592","targetHints":{"allow":["GET"]}}],"collection":[{"href":"https:\/\/www.oparanews.com.br\/index.php\/wp-json\/wp\/v2\/posts"}],"about":[{"href":"https:\/\/www.oparanews.com.br\/index.php\/wp-json\/wp\/v2\/types\/post"}],"author":[{"embeddable":true,"href":"https:\/\/www.oparanews.com.br\/index.php\/wp-json\/wp\/v2\/users\/1"}],"replies":[{"embeddable":true,"href":"https:\/\/www.oparanews.com.br\/index.php\/wp-json\/wp\/v2\/comments?post=7592"}],"version-history":[{"count":0,"href":"https:\/\/www.oparanews.com.br\/index.php\/wp-json\/wp\/v2\/posts\/7592\/revisions"}],"wp:attachment":[{"href":"https:\/\/www.oparanews.com.br\/index.php\/wp-json\/wp\/v2\/media?parent=7592"}],"wp:term":[{"taxonomy":"category","embeddable":true,"href":"https:\/\/www.oparanews.com.br\/index.php\/wp-json\/wp\/v2\/categories?post=7592"},{"taxonomy":"post_tag","embeddable":true,"href":"https:\/\/www.oparanews.com.br\/index.php\/wp-json\/wp\/v2\/tags?post=7592"}],"curies":[{"name":"wp","href":"https:\/\/api.w.org\/{rel}","templated":true}]}}