{"id":7596,"date":"2020-06-27T22:22:19","date_gmt":"2020-06-27T22:22:19","guid":{"rendered":"https:\/\/oparanews.com.br\/?p=7596"},"modified":"2020-06-27T22:22:19","modified_gmt":"2020-06-27T22:22:19","slug":"governo-faz-acordo-para-producao-da-vacina-contra-covid-19","status":"publish","type":"post","link":"https:\/\/www.oparanews.com.br\/index.php\/2020\/06\/27\/governo-faz-acordo-para-producao-da-vacina-contra-covid-19\/","title":{"rendered":"Governo faz acordo para produ\u00e7\u00e3o da vacina contra covid-19"},"content":{"rendered":"<p>O governo federal anunciou neste s\u00e1bado, 27, acordo de coopera\u00e7\u00e3o para desenvolvimento e acesso do Brasil \u00e0 vacina para covid-19. O acordo, fechado com a Universidade de Oxford e a AstraZeneca, prev\u00ea a compra de lotes da vacina e transfer\u00eancia de tecnologia. &#8220;Se demonstrada efic\u00e1cia, ser\u00e3o 100 milh\u00f5es de doses \u00e0 disposi\u00e7\u00e3o da popula\u00e7\u00e3o brasileira&#8221;, afirma o Minist\u00e9rio da Sa\u00fade em comunicado sobre a parceria.<\/p>\n<p>A vacina \u00e9 desenvolvida pela Universidade de Oxford e pela AstraZeneca, sendo uma das mais promissoras no mundo. No Brasil, a tecnologia ser\u00e1 desenvolvida pela Funda\u00e7\u00e3o Oswaldo Cruz (Fiocruz).<\/p>\n<p>A implementa\u00e7\u00e3o do acordo ocorrer\u00e1 em duas etapas. Na primeira, haver\u00e1 uma encomenda em que o Brasil assume tamb\u00e9m os riscos da pesquisa. &#8220;Ou seja, ser\u00e1 paga pela tecnologia mesmo n\u00e3o tendo os resultados dos ensaios cl\u00ednicos finais&#8221;. E, em uma segunda fase, caso a vacina se mostre eficaz e segura, ser\u00e1 ampliada a compra.<\/p>\n<p>O minist\u00e9rio explica que, na fase inicial, de risco assumido, ser\u00e3o 30,4 milh\u00f5es de doses da vacina, no valor total de US$ 127 milh\u00f5es, inclu\u00eddos os custos de transfer\u00eancia da tecnologia e do processo produtivo da Fiocruz, estimados em U$ 30 milh\u00f5es. Os dois lotes a serem disponibilizados \u00e0 Fiocruz, de 15,2 milh\u00f5es de doses cada, dever\u00e3o ser entregues em dezembro de 2020 e janeiro de 2021.<\/p>\n<p>&#8220;O governo federal considera que esse risco de pesquisa e produ\u00e7\u00e3o \u00e9 necess\u00e1rio devido a urg\u00eancia pela busca de uma solu\u00e7\u00e3o efetiva para manuten\u00e7\u00e3o da sa\u00fade p\u00fablica e seguran\u00e7a para a retomada do crescimento brasileiro&#8221;, diz a pasta.<\/p>\n<p>Se a vacina for segura e eficaz e tiver o registro no Brasil, ser\u00e3o mais 70 milh\u00f5es de doses, no valor estimado em US$ 2,30 por dose.<\/p>\n<p>&#8220;Com o acordo que ser\u00e1 firmado, o Brasil se coloca na lideran\u00e7a do desenvolvimento da vacina contra o coronav\u00edrus. A iniciativa, assim, n\u00e3o apenas garante que o produto esteja \u00e0 disposi\u00e7\u00e3o, mas dar\u00e1 autonomia brasileira na produ\u00e7\u00e3o&#8221;, destaca o minist\u00e9rio.<\/p>\n<p>O secret\u00e1rio de Vigil\u00e2ncia em Sa\u00fade do Minist\u00e9rio da Sa\u00fade, Arnaldo Correia de Medeiros, disse neste s\u00e1bado (27) que, se ficar demonstrada a efic\u00e1cia da vacina de covid-19, grupos de pessoas vulner\u00e1veis e profissionais de sa\u00fade e seguran\u00e7a ser\u00e3o priorizados no acesso do produto. Segundo Medeiros, o desenvolvimento da vacina j\u00e1 est\u00e1 em uma etapa adiantada. &#8220;Essa vacina j\u00e1 est\u00e1 na fase 3, na fase cl\u00ednica&#8221;, disse durante entrevista coletiva \u00e0 imprensa em Bras\u00edlia.<\/p>\n<p>Tamb\u00e9m presente \u00e0 entrevista, o secret\u00e1rio de Ci\u00eancia, Tecnologia e Insumos Estrat\u00e9gicos, H\u00e9lio Angotti Neto, destacou que no Brasil h\u00e1 seis vacinas em testes em fase pr\u00e9-cl\u00ednica e que todas est\u00e3o sendo acompanhadas pelo Minist\u00e9rio da Sa\u00fade. &#8220;Semana que vem, traremos muito mais informa\u00e7\u00f5es envolvendo boas perspectivas&#8221;, disse.<\/p>\n<p>&nbsp;<\/p>\n<p><strong>Fonte: Terra<\/strong><\/p>\n<p>&nbsp;<\/p>\n","protected":false},"excerpt":{"rendered":"<p>O governo federal anunciou neste s\u00e1bado, 27, acordo de coopera\u00e7\u00e3o para desenvolvimento e acesso do Brasil \u00e0 vacina para covid-19. O acordo, fechado com a Universidade de Oxford e a AstraZeneca, prev\u00ea a compra de lotes da vacina e transfer\u00eancia de tecnologia. &#8220;Se demonstrada efic\u00e1cia, ser\u00e3o 100 milh\u00f5es de doses \u00e0 disposi\u00e7\u00e3o da popula\u00e7\u00e3o brasileira&#8221;, &hellip;<\/p>\n","protected":false},"author":1,"featured_media":7597,"comment_status":"open","ping_status":"open","sticky":false,"template":"","format":"standard","meta":{"_jetpack_newsletter_access":"","_jetpack_dont_email_post_to_subs":false,"_jetpack_newsletter_tier_id":0,"_jetpack_memberships_contains_paywalled_content":false,"_jetpack_memberships_contains_paid_content":false,"footnotes":""},"categories":[1],"tags":[],"class_list":["post-7596","post","type-post","status-publish","format-standard","has-post-thumbnail","hentry","category-destaque"],"jetpack_sharing_enabled":true,"jetpack_featured_media_url":"","_links":{"self":[{"href":"https:\/\/www.oparanews.com.br\/index.php\/wp-json\/wp\/v2\/posts\/7596","targetHints":{"allow":["GET"]}}],"collection":[{"href":"https:\/\/www.oparanews.com.br\/index.php\/wp-json\/wp\/v2\/posts"}],"about":[{"href":"https:\/\/www.oparanews.com.br\/index.php\/wp-json\/wp\/v2\/types\/post"}],"author":[{"embeddable":true,"href":"https:\/\/www.oparanews.com.br\/index.php\/wp-json\/wp\/v2\/users\/1"}],"replies":[{"embeddable":true,"href":"https:\/\/www.oparanews.com.br\/index.php\/wp-json\/wp\/v2\/comments?post=7596"}],"version-history":[{"count":0,"href":"https:\/\/www.oparanews.com.br\/index.php\/wp-json\/wp\/v2\/posts\/7596\/revisions"}],"wp:attachment":[{"href":"https:\/\/www.oparanews.com.br\/index.php\/wp-json\/wp\/v2\/media?parent=7596"}],"wp:term":[{"taxonomy":"category","embeddable":true,"href":"https:\/\/www.oparanews.com.br\/index.php\/wp-json\/wp\/v2\/categories?post=7596"},{"taxonomy":"post_tag","embeddable":true,"href":"https:\/\/www.oparanews.com.br\/index.php\/wp-json\/wp\/v2\/tags?post=7596"}],"curies":[{"name":"wp","href":"https:\/\/api.w.org\/{rel}","templated":true}]}}