{"id":7602,"date":"2020-06-28T16:25:24","date_gmt":"2020-06-28T16:25:24","guid":{"rendered":"https:\/\/oparanews.com.br\/?p=7602"},"modified":"2020-06-28T16:25:24","modified_gmt":"2020-06-28T16:25:24","slug":"motociclista-e-agredido-a-pauladas-apos-acidente-na-al-115-em-arapiraca","status":"publish","type":"post","link":"https:\/\/www.oparanews.com.br\/index.php\/2020\/06\/28\/motociclista-e-agredido-a-pauladas-apos-acidente-na-al-115-em-arapiraca\/","title":{"rendered":"Motociclista \u00e9 agredido a pauladas ap\u00f3s acidente na AL-115 em Arapiraca"},"content":{"rendered":"<p>Um motociclista de 53 anos foi agredido a pauladas depois de um acidente na AL-115, no povoado Cana\u00e3, em Arapiraca, no s\u00e1bado (27). A v\u00edtima contou a pol\u00edcia que foi \u201ctrancado\u201d por um ve\u00edculo, caiu e depois foi atacado pelo motorista e um outro ocupante do carro. Os suspeitos fugiram do local.<\/p>\n<p>Agentes do Batalh\u00e3o de Pol\u00edcia Rodovi\u00e1rio (BPRv) informaram que foram acionados por uma pessoa que passava pelo local e presenciou a agress\u00e3o.<\/p>\n<p>O Servi\u00e7o de Atendimento M\u00f3vel de Urg\u00eancia (Samu) foi chamado pela pol\u00edcia para socorrer o motociclista, que foi encaminhado ao Hospital de Emerg\u00eancia do Agreste (HEA). Depois do atendimento, ele foi conduzido para Central de Flagrantes de Arapiraca para prestar esclarecimentos.<\/p>\n<p>O ve\u00edculo foi abandonado pelos suspeitos no local. O carro foi recolhido e levado para a Central de Flagrantes de Arapiraca, onde vai ficar \u00e0 disposi\u00e7\u00e3o da Justi\u00e7a para ajudar na localiza\u00e7\u00e3o dos envolvidos.<\/p>\n<p>&nbsp;<\/p>\n<p><strong>Fonte: G1\/AL<\/strong><\/p>\n<p>&nbsp;<\/p>\n","protected":false},"excerpt":{"rendered":"<p>Um motociclista de 53 anos foi agredido a pauladas depois de um acidente na AL-115, no povoado Cana\u00e3, em Arapiraca, no s\u00e1bado (27). A v\u00edtima contou a pol\u00edcia que foi \u201ctrancado\u201d por um ve\u00edculo, caiu e depois foi atacado pelo motorista e um outro ocupante do carro. Os suspeitos fugiram do local. Agentes do Batalh\u00e3o &hellip;<\/p>\n","protected":false},"author":1,"featured_media":7603,"comment_status":"open","ping_status":"open","sticky":false,"template":"","format":"standard","meta":{"_jetpack_newsletter_access":"","_jetpack_dont_email_post_to_subs":false,"_jetpack_newsletter_tier_id":0,"_jetpack_memberships_contains_paywalled_content":false,"_jetpack_memberships_contains_paid_content":false,"footnotes":""},"categories":[1],"tags":[],"class_list":["post-7602","post","type-post","status-publish","format-standard","has-post-thumbnail","hentry","category-destaque"],"jetpack_sharing_enabled":true,"jetpack_featured_media_url":"","_links":{"self":[{"href":"https:\/\/www.oparanews.com.br\/index.php\/wp-json\/wp\/v2\/posts\/7602","targetHints":{"allow":["GET"]}}],"collection":[{"href":"https:\/\/www.oparanews.com.br\/index.php\/wp-json\/wp\/v2\/posts"}],"about":[{"href":"https:\/\/www.oparanews.com.br\/index.php\/wp-json\/wp\/v2\/types\/post"}],"author":[{"embeddable":true,"href":"https:\/\/www.oparanews.com.br\/index.php\/wp-json\/wp\/v2\/users\/1"}],"replies":[{"embeddable":true,"href":"https:\/\/www.oparanews.com.br\/index.php\/wp-json\/wp\/v2\/comments?post=7602"}],"version-history":[{"count":0,"href":"https:\/\/www.oparanews.com.br\/index.php\/wp-json\/wp\/v2\/posts\/7602\/revisions"}],"wp:attachment":[{"href":"https:\/\/www.oparanews.com.br\/index.php\/wp-json\/wp\/v2\/media?parent=7602"}],"wp:term":[{"taxonomy":"category","embeddable":true,"href":"https:\/\/www.oparanews.com.br\/index.php\/wp-json\/wp\/v2\/categories?post=7602"},{"taxonomy":"post_tag","embeddable":true,"href":"https:\/\/www.oparanews.com.br\/index.php\/wp-json\/wp\/v2\/tags?post=7602"}],"curies":[{"name":"wp","href":"https:\/\/api.w.org\/{rel}","templated":true}]}}