{"id":7608,"date":"2020-06-28T16:30:35","date_gmt":"2020-06-28T16:30:35","guid":{"rendered":"https:\/\/oparanews.com.br\/?p=7608"},"modified":"2020-06-28T16:30:35","modified_gmt":"2020-06-28T16:30:35","slug":"sertanejo-ze-neto-testa-positivo-para-covid-19","status":"publish","type":"post","link":"https:\/\/www.oparanews.com.br\/index.php\/2020\/06\/28\/sertanejo-ze-neto-testa-positivo-para-covid-19\/","title":{"rendered":"Sertanejo Z\u00e9 Neto testa positivo para Covid-19"},"content":{"rendered":"<p>Foi confirmado neste s\u00e1bado (27) que o sertanejo Z\u00e9 Neto, da dupla com Cristiano, est\u00e1 com Covid-19. A informa\u00e7\u00e3o foi dada pela assessoria de imprensa dos dois. O cantor apresentou febre alta e alguns outros sintomas e, por isso, ele e o pai Eurides Toscano realizaram o teste. Os dois deram positivo para a doen\u00e7a.<\/p>\n<p>A equipe dos sertanejos afirmou que Z\u00e9 Neto est\u00e1 em isolamento domiciliar no interior de S\u00e3o Paulo. Outros familiares que tiveram contato com ele e o pai fizeram o teste, que deu resultado negativo. Desde o diagn\u00f3stico, o cantor permanece sem contato f\u00edsico com sua esposa e os dois filhos, que moram na mesma casa que ele.<\/p>\n<p>Cristiano testou negativo para a Covid-19 e, por isso, foi visitar seus pais que moram em uma ch\u00e1cara no interior de S\u00e3o Jos\u00e9 do Rio Preto no \u00faltimo dia 16.<\/p>\n<p>&nbsp;<\/p>\n<p><strong>Fonte: Isto \u00c9<\/strong><\/p>\n<p>&nbsp;<\/p>\n","protected":false},"excerpt":{"rendered":"<p>Foi confirmado neste s\u00e1bado (27) que o sertanejo Z\u00e9 Neto, da dupla com Cristiano, est\u00e1 com Covid-19. A informa\u00e7\u00e3o foi dada pela assessoria de imprensa dos dois. O cantor apresentou febre alta e alguns outros sintomas e, por isso, ele e o pai Eurides Toscano realizaram o teste. Os dois deram positivo para a doen\u00e7a. &hellip;<\/p>\n","protected":false},"author":1,"featured_media":7609,"comment_status":"open","ping_status":"open","sticky":false,"template":"","format":"standard","meta":{"_jetpack_newsletter_access":"","_jetpack_dont_email_post_to_subs":false,"_jetpack_newsletter_tier_id":0,"_jetpack_memberships_contains_paywalled_content":false,"_jetpack_memberships_contains_paid_content":false,"footnotes":""},"categories":[1],"tags":[],"class_list":["post-7608","post","type-post","status-publish","format-standard","has-post-thumbnail","hentry","category-destaque"],"jetpack_sharing_enabled":true,"jetpack_featured_media_url":"","_links":{"self":[{"href":"https:\/\/www.oparanews.com.br\/index.php\/wp-json\/wp\/v2\/posts\/7608","targetHints":{"allow":["GET"]}}],"collection":[{"href":"https:\/\/www.oparanews.com.br\/index.php\/wp-json\/wp\/v2\/posts"}],"about":[{"href":"https:\/\/www.oparanews.com.br\/index.php\/wp-json\/wp\/v2\/types\/post"}],"author":[{"embeddable":true,"href":"https:\/\/www.oparanews.com.br\/index.php\/wp-json\/wp\/v2\/users\/1"}],"replies":[{"embeddable":true,"href":"https:\/\/www.oparanews.com.br\/index.php\/wp-json\/wp\/v2\/comments?post=7608"}],"version-history":[{"count":0,"href":"https:\/\/www.oparanews.com.br\/index.php\/wp-json\/wp\/v2\/posts\/7608\/revisions"}],"wp:attachment":[{"href":"https:\/\/www.oparanews.com.br\/index.php\/wp-json\/wp\/v2\/media?parent=7608"}],"wp:term":[{"taxonomy":"category","embeddable":true,"href":"https:\/\/www.oparanews.com.br\/index.php\/wp-json\/wp\/v2\/categories?post=7608"},{"taxonomy":"post_tag","embeddable":true,"href":"https:\/\/www.oparanews.com.br\/index.php\/wp-json\/wp\/v2\/tags?post=7608"}],"curies":[{"name":"wp","href":"https:\/\/api.w.org\/{rel}","templated":true}]}}