{"id":7624,"date":"2020-06-29T16:50:21","date_gmt":"2020-06-29T16:50:21","guid":{"rendered":"https:\/\/oparanews.com.br\/?p=7624"},"modified":"2020-06-29T16:50:21","modified_gmt":"2020-06-29T16:50:21","slug":"alagoas-tem-hoje-79-mil-casos-ativos-de-covid-19","status":"publish","type":"post","link":"https:\/\/www.oparanews.com.br\/index.php\/2020\/06\/29\/alagoas-tem-hoje-79-mil-casos-ativos-de-covid-19\/","title":{"rendered":"Alagoas tem hoje 7,9 mil casos ativos de Covid-19"},"content":{"rendered":"<p>Dos 34.312 casos confirmados de Covid-19 em Alagoas, 7.918 s\u00e3o considerados ativos, ou seja, s\u00e3o pacientes que seguem em acompanhamento m\u00e9dico, subtraindo o n\u00famero de pessoas recuperadas e mortas. Os dados s\u00e3o do Painel Covid-19, com informa\u00e7\u00f5es da Secretaria de Estado da Sa\u00fade (Sesau) atualizadas at\u00e9 as 11h36 desta segunda-feira (29).<\/p>\n<p>Desde o in\u00edcio da pandemia, 66.170 pessoas foram testadas para o novo coronav\u00edrus em Alagoas. Deste total, 31.858 casos foram descartados.<\/p>\n<p>Entre as pessoas que tiveram resultado positivo, 1.012 morreram e 25.382 conseguiram se recuperar.<\/p>\n<p>O estado ainda tem 3.450 casos em investiga\u00e7\u00e3o.<\/p>\n<p><strong>Reabertura dos setores produtivos<\/strong><\/p>\n<p>Em meio a este cen\u00e1rio, o governo de Alagoas avalia a possibilidade da reabertura gradativa dos setores produtivos, fechados desde mar\u00e7o como medida preventiva para reduzir o cont\u00e1gio do novo coronav\u00edrus.<\/p>\n<p>O Estado chama estas etapas de distanciamento social controlado, divididas em cinco fases classificadas nas cores vermelha (atual), laranja, amarela, azul e verde. A expectativa \u00e9 de que a transi\u00e7\u00e3o para a fase laranja aconte\u00e7a na pr\u00f3xima quarta (1\u00ba).<\/p>\n<p>Contudo, a reabertura depende da avalia\u00e7\u00e3o dos gr\u00e1ficos da \u00faltima semana epidemiol\u00f3gica, que se encerrou no s\u00e1bado (27). A an\u00e1lise deve ser feita ainda nesta segunda.<\/p>\n<p>&nbsp;<\/p>\n<p><strong>Fonte: G1\/AL<\/strong><\/p>\n<p>&nbsp;<\/p>\n","protected":false},"excerpt":{"rendered":"<p>Dos 34.312 casos confirmados de Covid-19 em Alagoas, 7.918 s\u00e3o considerados ativos, ou seja, s\u00e3o pacientes que seguem em acompanhamento m\u00e9dico, subtraindo o n\u00famero de pessoas recuperadas e mortas. Os dados s\u00e3o do Painel Covid-19, com informa\u00e7\u00f5es da Secretaria de Estado da Sa\u00fade (Sesau) atualizadas at\u00e9 as 11h36 desta segunda-feira (29). Desde o in\u00edcio da &hellip;<\/p>\n","protected":false},"author":1,"featured_media":6872,"comment_status":"open","ping_status":"open","sticky":false,"template":"","format":"standard","meta":{"_jetpack_newsletter_access":"","_jetpack_dont_email_post_to_subs":false,"_jetpack_newsletter_tier_id":0,"_jetpack_memberships_contains_paywalled_content":false,"_jetpack_memberships_contains_paid_content":false,"footnotes":""},"categories":[1],"tags":[],"class_list":["post-7624","post","type-post","status-publish","format-standard","has-post-thumbnail","hentry","category-destaque"],"jetpack_sharing_enabled":true,"jetpack_featured_media_url":"","_links":{"self":[{"href":"https:\/\/www.oparanews.com.br\/index.php\/wp-json\/wp\/v2\/posts\/7624","targetHints":{"allow":["GET"]}}],"collection":[{"href":"https:\/\/www.oparanews.com.br\/index.php\/wp-json\/wp\/v2\/posts"}],"about":[{"href":"https:\/\/www.oparanews.com.br\/index.php\/wp-json\/wp\/v2\/types\/post"}],"author":[{"embeddable":true,"href":"https:\/\/www.oparanews.com.br\/index.php\/wp-json\/wp\/v2\/users\/1"}],"replies":[{"embeddable":true,"href":"https:\/\/www.oparanews.com.br\/index.php\/wp-json\/wp\/v2\/comments?post=7624"}],"version-history":[{"count":0,"href":"https:\/\/www.oparanews.com.br\/index.php\/wp-json\/wp\/v2\/posts\/7624\/revisions"}],"wp:attachment":[{"href":"https:\/\/www.oparanews.com.br\/index.php\/wp-json\/wp\/v2\/media?parent=7624"}],"wp:term":[{"taxonomy":"category","embeddable":true,"href":"https:\/\/www.oparanews.com.br\/index.php\/wp-json\/wp\/v2\/categories?post=7624"},{"taxonomy":"post_tag","embeddable":true,"href":"https:\/\/www.oparanews.com.br\/index.php\/wp-json\/wp\/v2\/tags?post=7624"}],"curies":[{"name":"wp","href":"https:\/\/api.w.org\/{rel}","templated":true}]}}