{"id":7626,"date":"2020-06-30T01:24:36","date_gmt":"2020-06-30T01:24:36","guid":{"rendered":"https:\/\/oparanews.com.br\/?p=7626"},"modified":"2020-06-30T01:24:36","modified_gmt":"2020-06-30T01:24:36","slug":"taxa-de-ocupacao-da-uti-pra-covid-19-em-maceio-sobe-de-novo-e-chega-a-95","status":"publish","type":"post","link":"https:\/\/www.oparanews.com.br\/index.php\/2020\/06\/30\/taxa-de-ocupacao-da-uti-pra-covid-19-em-maceio-sobe-de-novo-e-chega-a-95\/","title":{"rendered":"Taxa de ocupa\u00e7\u00e3o da UTI pra Covid-19 em Macei\u00f3 sobe de novo e chega a 95%"},"content":{"rendered":"<p>Macei\u00f3 registrou 95% de ocupa\u00e7\u00e3o dos leitos de UTI para Covid-19 nesta segunda-feira (29), de acordo com o boletim di\u00e1rio da Secretaria de Estado da Sa\u00fade (Sesau). Desde as 17h da \u00faltima sexta (26) a taxa na capital vem subindo, com ocupa\u00e7\u00e3o acima de 90%.<\/p>\n<p>Evolu\u00e7\u00e3o da taxa de ocupa\u00e7\u00e3o de Macei\u00f3:<\/p>\n<p>10h do dia 29 de junho &#8211; 95% de ocupa\u00e7\u00e3o<br \/>\n11h do dia 28 de junho &#8211; 93% de ocupa\u00e7\u00e3o<br \/>\n13h do dia 27 de junho &#8211; 91% de ocupa\u00e7\u00e3o<br \/>\n17h do dia 26 de junho &#8211; 91% de ocupa\u00e7\u00e3o<\/p>\n<p>Em todo estado existem 1.218 leitos criados pela Secretaria de Estado da Sa\u00fade (Sesau) para atender, exclusivamente, pacientes com suspeita e confirma\u00e7\u00e3o de infec\u00e7\u00e3o pelo novo coronav\u00edrus. Desses, Macei\u00f3 conta com 165 leitos de UTI e at\u00e9 a \u00faltima atualiza\u00e7\u00e3o, 156 estavam ocupados. No interior do estado, a taxa de ocupa\u00e7\u00e3o era de 71%. Somando capital e cidades do interior, a taxa de ocupa\u00e7\u00e3o de leitos de UTI em Alagoas era de 87%.<\/p>\n<p>No interior do estado os munic\u00edpios de S\u00e3o Miguel dos Campos e Marechal Deodoro apresentam ocupa\u00e7\u00e3o de 100% dos leitos de UTI nas \u00faltimas 24h.<\/p>\n<p>Macei\u00f3 \u00e9 a capital do Brasil em que o v\u00edrus se espalhou com mais rapidez, de acordo com uma pesquisa do Ibope, coordenada pelo pelo Centro de Pesquisas Epidemiol\u00f3gicas da Universidade Federal de Pelotas.<\/p>\n<p>A Sesau atualiza diariamente a quantidade de leitos e a sua respectiva ocupa\u00e7\u00e3o nos hospitais da rede p\u00fablica e contratualizada.<\/p>\n<p>O novo decreto de emerg\u00eancia publicado no Di\u00e1rio Oficial do Estado (DOE) do dia 23, que prorrogou as medidas de isolamento contra o coronav\u00edrus em Alagoas, termina nesta ter\u00e7a-feira (30).<\/p>\n<p>&nbsp;<\/p>\n<p><strong>Fonte: G1\/AL<\/strong><\/p>\n<p>&nbsp;<\/p>\n","protected":false},"excerpt":{"rendered":"<p>Macei\u00f3 registrou 95% de ocupa\u00e7\u00e3o dos leitos de UTI para Covid-19 nesta segunda-feira (29), de acordo com o boletim di\u00e1rio da Secretaria de Estado da Sa\u00fade (Sesau). Desde as 17h da \u00faltima sexta (26) a taxa na capital vem subindo, com ocupa\u00e7\u00e3o acima de 90%. Evolu\u00e7\u00e3o da taxa de ocupa\u00e7\u00e3o de Macei\u00f3: 10h do dia &hellip;<\/p>\n","protected":false},"author":1,"featured_media":7627,"comment_status":"open","ping_status":"open","sticky":false,"template":"","format":"standard","meta":{"_jetpack_newsletter_access":"","_jetpack_dont_email_post_to_subs":false,"_jetpack_newsletter_tier_id":0,"_jetpack_memberships_contains_paywalled_content":false,"_jetpack_memberships_contains_paid_content":false,"footnotes":""},"categories":[1],"tags":[],"class_list":["post-7626","post","type-post","status-publish","format-standard","has-post-thumbnail","hentry","category-destaque"],"jetpack_sharing_enabled":true,"jetpack_featured_media_url":"","_links":{"self":[{"href":"https:\/\/www.oparanews.com.br\/index.php\/wp-json\/wp\/v2\/posts\/7626","targetHints":{"allow":["GET"]}}],"collection":[{"href":"https:\/\/www.oparanews.com.br\/index.php\/wp-json\/wp\/v2\/posts"}],"about":[{"href":"https:\/\/www.oparanews.com.br\/index.php\/wp-json\/wp\/v2\/types\/post"}],"author":[{"embeddable":true,"href":"https:\/\/www.oparanews.com.br\/index.php\/wp-json\/wp\/v2\/users\/1"}],"replies":[{"embeddable":true,"href":"https:\/\/www.oparanews.com.br\/index.php\/wp-json\/wp\/v2\/comments?post=7626"}],"version-history":[{"count":0,"href":"https:\/\/www.oparanews.com.br\/index.php\/wp-json\/wp\/v2\/posts\/7626\/revisions"}],"wp:attachment":[{"href":"https:\/\/www.oparanews.com.br\/index.php\/wp-json\/wp\/v2\/media?parent=7626"}],"wp:term":[{"taxonomy":"category","embeddable":true,"href":"https:\/\/www.oparanews.com.br\/index.php\/wp-json\/wp\/v2\/categories?post=7626"},{"taxonomy":"post_tag","embeddable":true,"href":"https:\/\/www.oparanews.com.br\/index.php\/wp-json\/wp\/v2\/tags?post=7626"}],"curies":[{"name":"wp","href":"https:\/\/api.w.org\/{rel}","templated":true}]}}