{"id":7629,"date":"2020-06-30T01:34:31","date_gmt":"2020-06-30T01:34:31","guid":{"rendered":"https:\/\/oparanews.com.br\/?p=7629"},"modified":"2020-06-30T01:34:31","modified_gmt":"2020-06-30T01:34:31","slug":"sobe-para-51-o-numero-de-indios-infectados-pela-covid-19-em-alagoas","status":"publish","type":"post","link":"https:\/\/www.oparanews.com.br\/index.php\/2020\/06\/30\/sobe-para-51-o-numero-de-indios-infectados-pela-covid-19-em-alagoas\/","title":{"rendered":"Sobe para 51 o n\u00famero de \u00edndios infectados pela Covid-19 em Alagoas"},"content":{"rendered":"<p>O n\u00famero de ind\u00edgenas infectados pelo novo coronav\u00edrus passou de 49 para 51, segundo o \u00faltimo boletim do Departamento de Aten\u00e7\u00e3o \u00e0 Sa\u00fade Ind\u00edgena (DASI). Os dados foram atualizados no s\u00e1bado (27).<\/p>\n<p>Ainda conforme o levantamento, o Estado j\u00e1 registrou duas mortes pela doen\u00e7a e uma terceira segue aguardando a confirma\u00e7\u00e3o do exame laboratorial. Todas as mortes s\u00e3o da etnia Kariri-Xoc\u00f3, situada no munic\u00edpio de Porto Real do Col\u00e9gio, que registrou 31 casos do novo coronav\u00edrus.<\/p>\n<p>J\u00e1 o \u00f3bito sob investiga\u00e7\u00e3o, segundo o Distrito Sanit\u00e1rio Especial Ind\u00edgena (DSEI) de Alagoas e Sergipe, \u00e9 de uma mulher de 56 anos, que sofre de doen\u00e7as card\u00edacas, renais e pulmonares.<\/p>\n<p>As barreiras sanit\u00e1rias j\u00e1 foram instaladas nas aldeias, tendo em considera\u00e7\u00e3o as recomenda\u00e7\u00f5es do Minist\u00e9rio P\u00fablico Federal recomendasse \u00e0 Funda\u00e7\u00e3o Nacional do \u00cdndio (Funai) para conter a dissemina\u00e7\u00e3o do novo coronav\u00edrus<\/p>\n<p>Segundo o Minist\u00e9rio da Sa\u00fade (MS), o Brasil tem 5.525 casos confirmados e 134 mortes entre os ind\u00edgenas.<\/p>\n<p><strong>Fonte: Gazetaweb<\/strong><\/p>\n<p>&nbsp;<\/p>\n","protected":false},"excerpt":{"rendered":"<p>O n\u00famero de ind\u00edgenas infectados pelo novo coronav\u00edrus passou de 49 para 51, segundo o \u00faltimo boletim do Departamento de Aten\u00e7\u00e3o \u00e0 Sa\u00fade Ind\u00edgena (DASI). Os dados foram atualizados no s\u00e1bado (27). Ainda conforme o levantamento, o Estado j\u00e1 registrou duas mortes pela doen\u00e7a e uma terceira segue aguardando a confirma\u00e7\u00e3o do exame laboratorial. Todas &hellip;<\/p>\n","protected":false},"author":1,"featured_media":7630,"comment_status":"open","ping_status":"open","sticky":false,"template":"","format":"standard","meta":{"_jetpack_newsletter_access":"","_jetpack_dont_email_post_to_subs":false,"_jetpack_newsletter_tier_id":0,"_jetpack_memberships_contains_paywalled_content":false,"_jetpack_memberships_contains_paid_content":false,"footnotes":""},"categories":[1],"tags":[],"class_list":["post-7629","post","type-post","status-publish","format-standard","has-post-thumbnail","hentry","category-destaque"],"jetpack_sharing_enabled":true,"jetpack_featured_media_url":"","_links":{"self":[{"href":"https:\/\/www.oparanews.com.br\/index.php\/wp-json\/wp\/v2\/posts\/7629","targetHints":{"allow":["GET"]}}],"collection":[{"href":"https:\/\/www.oparanews.com.br\/index.php\/wp-json\/wp\/v2\/posts"}],"about":[{"href":"https:\/\/www.oparanews.com.br\/index.php\/wp-json\/wp\/v2\/types\/post"}],"author":[{"embeddable":true,"href":"https:\/\/www.oparanews.com.br\/index.php\/wp-json\/wp\/v2\/users\/1"}],"replies":[{"embeddable":true,"href":"https:\/\/www.oparanews.com.br\/index.php\/wp-json\/wp\/v2\/comments?post=7629"}],"version-history":[{"count":0,"href":"https:\/\/www.oparanews.com.br\/index.php\/wp-json\/wp\/v2\/posts\/7629\/revisions"}],"wp:attachment":[{"href":"https:\/\/www.oparanews.com.br\/index.php\/wp-json\/wp\/v2\/media?parent=7629"}],"wp:term":[{"taxonomy":"category","embeddable":true,"href":"https:\/\/www.oparanews.com.br\/index.php\/wp-json\/wp\/v2\/categories?post=7629"},{"taxonomy":"post_tag","embeddable":true,"href":"https:\/\/www.oparanews.com.br\/index.php\/wp-json\/wp\/v2\/tags?post=7629"}],"curies":[{"name":"wp","href":"https:\/\/api.w.org\/{rel}","templated":true}]}}