{"id":7632,"date":"2020-06-30T01:35:59","date_gmt":"2020-06-30T01:35:59","guid":{"rendered":"https:\/\/oparanews.com.br\/?p=7632"},"modified":"2020-06-30T01:35:59","modified_gmt":"2020-06-30T01:35:59","slug":"covid-19-taxa-de-contagio-tem-queda-e-alagoas-registra-a-4a-menor-do-brasil","status":"publish","type":"post","link":"https:\/\/www.oparanews.com.br\/index.php\/2020\/06\/30\/covid-19-taxa-de-contagio-tem-queda-e-alagoas-registra-a-4a-menor-do-brasil\/","title":{"rendered":"Covid-19: Taxa de cont\u00e1gio tem queda e Alagoas registra a 4\u00aa menor do Brasil"},"content":{"rendered":"<p>A taxa de cont\u00e1gio do novo coronav\u00edrus em Alagoas chegou a 1 nesta segunda-feira (29). Os dados s\u00e3o da plataforma Covid-19 Analytics, da Pontif\u00edcia Universidade Cat\u00f3lica do Rio de Janeiro (PUC-RJ) e da Funda\u00e7\u00e3o Get\u00falio Vargas (FGV).<\/p>\n<p>Segundo os n\u00fameros, o \u00edndice aferido em Alagoas \u00e9 o 4\u00ba menor do Pa\u00eds, atr\u00e1s apenas do Maranh\u00e3o, Amazonas e Para\u00edba, e empatado com o Cear\u00e1.<\/p>\n<p>Na pr\u00e1tica, isso significa que cada alagoano contaminado transmite para mais uma pessoa a doen\u00e7a.<\/p>\n<p>Em 21 de abril, essa taxa chegou a 15 em Alagoas. H\u00e1 um m\u00eas, essa taxa era de 2,94. Segundo os dados da plataforma, a taxa 1 j\u00e1 \u00e9 registrada em Alagoas h\u00e1 4 dias.<\/p>\n<p>Em tese, de acordo com as pesquisas, essa taxa indica a estabiliza\u00e7\u00e3o da pandemia. Para calcular a taxa de cont\u00e1gio por estado, os pesquisadores levam em conta os dados de casos e mortes divulgados diariamente pelas secretarias estaduais de sa\u00fade e as proje\u00e7\u00f5es realizadas pelo modelo de previs\u00e3o.<\/p>\n<p>O estado brasileiro com a maior taxa de cont\u00e1gio do novo coronav\u00edrus \u00e9 Mato Grosso, que h\u00e1 60 dias registra taxa de 1,62. Logo em seguida, aparece o Paran\u00e1, com 1,52 h\u00e1 46 dias. O Rio Grande do Norte completa ranking, com 1,45 h\u00e1 25 dias.<\/p>\n<p>&nbsp;<\/p>\n<p><strong>com blog do Edivaldo J\u00fanior\/Gazetaweb<\/strong><\/p>\n<p>&nbsp;<\/p>\n","protected":false},"excerpt":{"rendered":"<p>A taxa de cont\u00e1gio do novo coronav\u00edrus em Alagoas chegou a 1 nesta segunda-feira (29). Os dados s\u00e3o da plataforma Covid-19 Analytics, da Pontif\u00edcia Universidade Cat\u00f3lica do Rio de Janeiro (PUC-RJ) e da Funda\u00e7\u00e3o Get\u00falio Vargas (FGV). Segundo os n\u00fameros, o \u00edndice aferido em Alagoas \u00e9 o 4\u00ba menor do Pa\u00eds, atr\u00e1s apenas do Maranh\u00e3o, &hellip;<\/p>\n","protected":false},"author":1,"featured_media":7633,"comment_status":"open","ping_status":"open","sticky":false,"template":"","format":"standard","meta":{"_jetpack_newsletter_access":"","_jetpack_dont_email_post_to_subs":false,"_jetpack_newsletter_tier_id":0,"_jetpack_memberships_contains_paywalled_content":false,"_jetpack_memberships_contains_paid_content":false,"footnotes":""},"categories":[1],"tags":[],"class_list":["post-7632","post","type-post","status-publish","format-standard","has-post-thumbnail","hentry","category-destaque"],"jetpack_sharing_enabled":true,"jetpack_featured_media_url":"","_links":{"self":[{"href":"https:\/\/www.oparanews.com.br\/index.php\/wp-json\/wp\/v2\/posts\/7632","targetHints":{"allow":["GET"]}}],"collection":[{"href":"https:\/\/www.oparanews.com.br\/index.php\/wp-json\/wp\/v2\/posts"}],"about":[{"href":"https:\/\/www.oparanews.com.br\/index.php\/wp-json\/wp\/v2\/types\/post"}],"author":[{"embeddable":true,"href":"https:\/\/www.oparanews.com.br\/index.php\/wp-json\/wp\/v2\/users\/1"}],"replies":[{"embeddable":true,"href":"https:\/\/www.oparanews.com.br\/index.php\/wp-json\/wp\/v2\/comments?post=7632"}],"version-history":[{"count":0,"href":"https:\/\/www.oparanews.com.br\/index.php\/wp-json\/wp\/v2\/posts\/7632\/revisions"}],"wp:attachment":[{"href":"https:\/\/www.oparanews.com.br\/index.php\/wp-json\/wp\/v2\/media?parent=7632"}],"wp:term":[{"taxonomy":"category","embeddable":true,"href":"https:\/\/www.oparanews.com.br\/index.php\/wp-json\/wp\/v2\/categories?post=7632"},{"taxonomy":"post_tag","embeddable":true,"href":"https:\/\/www.oparanews.com.br\/index.php\/wp-json\/wp\/v2\/tags?post=7632"}],"curies":[{"name":"wp","href":"https:\/\/api.w.org\/{rel}","templated":true}]}}