{"id":7635,"date":"2020-06-30T01:40:15","date_gmt":"2020-06-30T01:40:15","guid":{"rendered":"https:\/\/oparanews.com.br\/?p=7635"},"modified":"2020-06-30T01:40:15","modified_gmt":"2020-06-30T01:40:15","slug":"jacioba-elege-nova-diretoria-e-mandato-deve-durar-ate-2022","status":"publish","type":"post","link":"https:\/\/www.oparanews.com.br\/index.php\/2020\/06\/30\/jacioba-elege-nova-diretoria-e-mandato-deve-durar-ate-2022\/","title":{"rendered":"Jaciob\u00e1 elege nova diretoria e mandato deve durar at\u00e9 2022"},"content":{"rendered":"<p>O Jaciob\u00e1 agora tem uma nova diretoria. Ap\u00f3s vota\u00e7\u00e3o realizada na cidade de P\u00e3o de A\u00e7\u00facar, na manh\u00e3 do \u00faltimo s\u00e1bado (27), o novo presidente, Lucilo Brand\u00e3o, j\u00e1 tomou posse da presid\u00eancia no mesmo dia. O mandato deve durar at\u00e9 janeiro de 2022.<\/p>\n<p>Al\u00e9m de figuras conhecidas por um trabalho no Azul\u00e3o do Sert\u00e3o, os s\u00f3cios-torcedores da equipe tamb\u00e9m puderam votar. Apenas uma chapa havia lan\u00e7ado candidatura durante o processo eleitoral e a vota\u00e7\u00e3o aconteceu dentro do prazo estipulado pela justi\u00e7a da cidade e foi marcada por cuidados sanit\u00e1rios em raz\u00e3o da pandemia da Covid-19.<\/p>\n<p>Anteriormente, Guiseppe Gomes, vice-presidente do Conselho Deliberativo, havia dito, \u00e0 Gazetaweb, que seria invi\u00e1vel para o clube voltar a disputar o Campeonato Alagoano, mas afirmou que uma nova reuni\u00e3o deve acontecer com a atual diretoria para ver se o retorno das atividades para o Estadual \u00e9 ou n\u00e3o poss\u00edvel.<\/p>\n<p>&nbsp;<\/p>\n<p><strong>Fonte: Gazetaweb<\/strong><\/p>\n<p>&nbsp;<\/p>\n","protected":false},"excerpt":{"rendered":"<p>O Jaciob\u00e1 agora tem uma nova diretoria. Ap\u00f3s vota\u00e7\u00e3o realizada na cidade de P\u00e3o de A\u00e7\u00facar, na manh\u00e3 do \u00faltimo s\u00e1bado (27), o novo presidente, Lucilo Brand\u00e3o, j\u00e1 tomou posse da presid\u00eancia no mesmo dia. O mandato deve durar at\u00e9 janeiro de 2022. Al\u00e9m de figuras conhecidas por um trabalho no Azul\u00e3o do Sert\u00e3o, os &hellip;<\/p>\n","protected":false},"author":1,"featured_media":7636,"comment_status":"open","ping_status":"open","sticky":false,"template":"","format":"standard","meta":{"_jetpack_newsletter_access":"","_jetpack_dont_email_post_to_subs":false,"_jetpack_newsletter_tier_id":0,"_jetpack_memberships_contains_paywalled_content":false,"_jetpack_memberships_contains_paid_content":false,"footnotes":""},"categories":[1],"tags":[],"class_list":["post-7635","post","type-post","status-publish","format-standard","has-post-thumbnail","hentry","category-destaque"],"jetpack_sharing_enabled":true,"jetpack_featured_media_url":"","_links":{"self":[{"href":"https:\/\/www.oparanews.com.br\/index.php\/wp-json\/wp\/v2\/posts\/7635","targetHints":{"allow":["GET"]}}],"collection":[{"href":"https:\/\/www.oparanews.com.br\/index.php\/wp-json\/wp\/v2\/posts"}],"about":[{"href":"https:\/\/www.oparanews.com.br\/index.php\/wp-json\/wp\/v2\/types\/post"}],"author":[{"embeddable":true,"href":"https:\/\/www.oparanews.com.br\/index.php\/wp-json\/wp\/v2\/users\/1"}],"replies":[{"embeddable":true,"href":"https:\/\/www.oparanews.com.br\/index.php\/wp-json\/wp\/v2\/comments?post=7635"}],"version-history":[{"count":0,"href":"https:\/\/www.oparanews.com.br\/index.php\/wp-json\/wp\/v2\/posts\/7635\/revisions"}],"wp:attachment":[{"href":"https:\/\/www.oparanews.com.br\/index.php\/wp-json\/wp\/v2\/media?parent=7635"}],"wp:term":[{"taxonomy":"category","embeddable":true,"href":"https:\/\/www.oparanews.com.br\/index.php\/wp-json\/wp\/v2\/categories?post=7635"},{"taxonomy":"post_tag","embeddable":true,"href":"https:\/\/www.oparanews.com.br\/index.php\/wp-json\/wp\/v2\/tags?post=7635"}],"curies":[{"name":"wp","href":"https:\/\/api.w.org\/{rel}","templated":true}]}}