{"id":7650,"date":"2020-06-30T18:20:45","date_gmt":"2020-06-30T18:20:45","guid":{"rendered":"https:\/\/oparanews.com.br\/?p=7650"},"modified":"2020-06-30T18:20:45","modified_gmt":"2020-06-30T18:20:45","slug":"walder-lima-se-afasta-do-radio-para-disputar-eleicao-municipal-em-penedo","status":"publish","type":"post","link":"https:\/\/www.oparanews.com.br\/index.php\/2020\/06\/30\/walder-lima-se-afasta-do-radio-para-disputar-eleicao-municipal-em-penedo\/","title":{"rendered":"Walder Lima se afasta do r\u00e1dio para disputar elei\u00e7\u00e3o municipal em Penedo"},"content":{"rendered":"<p>O locutor, Walder Lima, anunciou seu afastamento do programa Grande Rio Esporte da R\u00e1dio Grande Rio FM (99,1). O motivo \u00e9 que ele ir\u00e1 disputar as elei\u00e7\u00f5es municipais deste ano em Penedo.<\/p>\n<p>Walder Lima, que \u00e9 filiado ao PROS (Partido Republicano da Ordem Social) ir\u00e1 concorrer a uma das 15 cadeiras do Legislativo municipal.<\/p>\n<p>Durante sua vida profissional no R\u00e1dio este ano, Walder Lima ganhou p\u00fablico e notoriedade por seus coment\u00e1rios contundentes e realistas. Este ano vai ficar marcado pela Pandemia do novo Coronav\u00edrus e a Sa\u00fade tamb\u00e9m foi pauta no programa esportivo da R\u00e1dio. Em seus coment\u00e1rios, Walder Lima, sempre enfatizou a necessidade de ter mais a\u00e7\u00f5es em Penedo para o combate do v\u00edrus. Ele tamb\u00e9m cobrou das autoridades locais a fiscaliza\u00e7\u00e3o de pessoas nas entradas de Penedo e a instala\u00e7\u00e3o de UTIs.<\/p>\n<p>&nbsp;<\/p>\n<p><strong>por Reda\u00e7\u00e3o<\/strong><\/p>\n<p>&nbsp;<\/p>\n","protected":false},"excerpt":{"rendered":"<p>O locutor, Walder Lima, anunciou seu afastamento do programa Grande Rio Esporte da R\u00e1dio Grande Rio FM (99,1). O motivo \u00e9 que ele ir\u00e1 disputar as elei\u00e7\u00f5es municipais deste ano em Penedo. Walder Lima, que \u00e9 filiado ao PROS (Partido Republicano da Ordem Social) ir\u00e1 concorrer a uma das 15 cadeiras do Legislativo municipal. Durante &hellip;<\/p>\n","protected":false},"author":1,"featured_media":7651,"comment_status":"open","ping_status":"open","sticky":false,"template":"","format":"standard","meta":{"_jetpack_newsletter_access":"","_jetpack_dont_email_post_to_subs":false,"_jetpack_newsletter_tier_id":0,"_jetpack_memberships_contains_paywalled_content":false,"_jetpack_memberships_contains_paid_content":false,"footnotes":""},"categories":[1],"tags":[],"class_list":["post-7650","post","type-post","status-publish","format-standard","has-post-thumbnail","hentry","category-destaque"],"jetpack_sharing_enabled":true,"jetpack_featured_media_url":"","_links":{"self":[{"href":"https:\/\/www.oparanews.com.br\/index.php\/wp-json\/wp\/v2\/posts\/7650","targetHints":{"allow":["GET"]}}],"collection":[{"href":"https:\/\/www.oparanews.com.br\/index.php\/wp-json\/wp\/v2\/posts"}],"about":[{"href":"https:\/\/www.oparanews.com.br\/index.php\/wp-json\/wp\/v2\/types\/post"}],"author":[{"embeddable":true,"href":"https:\/\/www.oparanews.com.br\/index.php\/wp-json\/wp\/v2\/users\/1"}],"replies":[{"embeddable":true,"href":"https:\/\/www.oparanews.com.br\/index.php\/wp-json\/wp\/v2\/comments?post=7650"}],"version-history":[{"count":0,"href":"https:\/\/www.oparanews.com.br\/index.php\/wp-json\/wp\/v2\/posts\/7650\/revisions"}],"wp:attachment":[{"href":"https:\/\/www.oparanews.com.br\/index.php\/wp-json\/wp\/v2\/media?parent=7650"}],"wp:term":[{"taxonomy":"category","embeddable":true,"href":"https:\/\/www.oparanews.com.br\/index.php\/wp-json\/wp\/v2\/categories?post=7650"},{"taxonomy":"post_tag","embeddable":true,"href":"https:\/\/www.oparanews.com.br\/index.php\/wp-json\/wp\/v2\/tags?post=7650"}],"curies":[{"name":"wp","href":"https:\/\/api.w.org\/{rel}","templated":true}]}}