{"id":7665,"date":"2020-07-01T01:22:25","date_gmt":"2020-07-01T01:22:25","guid":{"rendered":"https:\/\/oparanews.com.br\/?p=7665"},"modified":"2020-07-01T01:22:25","modified_gmt":"2020-07-01T01:22:25","slug":"bolsonaro-aceita-pedido-de-demissao-de-decotelli","status":"publish","type":"post","link":"https:\/\/www.oparanews.com.br\/index.php\/2020\/07\/01\/bolsonaro-aceita-pedido-de-demissao-de-decotelli\/","title":{"rendered":"Bolsonaro aceita pedido de demiss\u00e3o de Decotelli"},"content":{"rendered":"<p>O presidente Jair Bolsonaro aceitou nesta ter\u00e7a-feira, 30, a carta de demiss\u00e3o de Carlos Alberto Decotelli, nomeado ministro da Educa\u00e7\u00e3o na semana passada. Depois de seu curr\u00edculo ter sido questionado por universidades estrangeiras e pela Funda\u00e7\u00e3o Getulio Vargas, o governo pediu que o economista deixasse o cargo para qual nem chegou a ser empossado. Ele ficou cinco dias como ministro da Educa\u00e7\u00e3o, o terceiro de Bolsonaro em 1 ano e meio de governo.<\/p>\n<p>O secret\u00e1rio-executivo do MEC, Antonio Vogel, tamb\u00e9m foi \u00e0 sede do Executivo, mas negou que estivesse indo falar com o presidente. O governo n\u00e3o anunciou ainda o subsituto de Decotelli e analisa v\u00e1rios nomes.<\/p>\n<p>Apesar de a nomea\u00e7\u00e3o ter sido publicada em Di\u00e1rio Oficial da Uni\u00e3o na quinta-feira, 25, Decotelli ainda n\u00e3o tinha poder para despachar. Ele j\u00e1 frequantava o MEC e preparava mudan\u00e7as na pasta, mas, oficialmente, os atos s\u00f3 teriam validade ap\u00f3s a assinatura do termo de posse. A cerim\u00f4nia estava prevista para esta ter\u00e7a-feira, mas foi cancelada na segunda ap\u00f3s a revela\u00e7\u00e3o de inconsist\u00eancias no curr\u00edculo do ministro.<\/p>\n<p>A gota d\u2019\u00e1gua foi a nota da Funda\u00e7\u00e3o Getulio Vargas (FGV), divulgada na noite de segunda-feira, informando que Decotelli n\u00e3o foi pesquisador ou professor da institui\u00e7\u00e3o. O presidente Jair Bolsonaro ficou irritado ao saber de mais uma inco\u00earencia no curr\u00edculo do indicado, que j\u00e1 teve doutorado e p\u00f3s-doutorado questionados por universidades estrangeiras e \u00e9 acusado de pl\u00e1gio no mestrado.<\/p>\n<p>O governo ent\u00e3o passou a pression\u00e1-lo para que apresentasse uma carta de demiss\u00e3o. Segundo o Estad\u00e3o apurou, Decotelli perdeu o apoio do grupo militar que o indicou ao governo. A nota da FGV dizia que Decotelli cursou mestrado na FGV, conclu\u00eddo em 2008. &#8220;Prof. Decotelli atuou apenas nos cursos de educa\u00e7\u00e3o continuada, nos programas de forma\u00e7\u00e3o de executivos e n\u00e3o como professor de qualquer uma das escolas da Funda\u00e7\u00e3o&#8221;, completa o texto.<\/p>\n<p>A situa\u00e7\u00e3o \u00e9 comum na institui\u00e7\u00e3o em cursos com esse perfil, professores s\u00e3o chamados como pessoa jur\u00eddica e atuam apenas em cursos espec\u00edficos. Isso quer dizer que ele n\u00e3o faz parte do corpo docente da institui\u00e7\u00e3o, mas foi apenas professor colaborador. Entre os nomes que est\u00e3o sendo indicados a Bolsonaro para substituir Decotelli est\u00e1 o de Antonio Freitas, defendido pelo mesmo grupo militar e pelo dono da Unisa, Antonio Veronezi, que tem exercido grande influ\u00eancia no governo.<\/p>\n<p>Ele \u00e9 professor titular de Engenharia de Produ\u00e7\u00e3o da Universidade Federal Fluminense (UFF) e membro do Conselho Nacional de Educa\u00e7\u00e3o (CNE).<\/p>\n<p>Na profus\u00e3o de nomes sendo indicados surgiu tamb\u00e9m o de Gilberto Gon\u00e7alves Garcia, que tem forma\u00e7\u00e3o em filosofia e foi reitor de v\u00e1rias universidades privadas. Outro nome que surgiu foi o de Marcus Vin\u00edcius Rodrigues, que foi presidente do Instituto Nacional de Estudos e Pesquisas Educacionais (Inep\/MEC) na gest\u00e3o de Ricardo Velez. Ele \u00e9 engenheiro e ligado ao mesmo grupo militar de Decotelli. Rodrigues deixou o Inep depois de desentendimento com o grupo ligado a Olavo de Carvalho.<\/p>\n<p>Al\u00e9m dele, o evang\u00e9lico Benedito Guimar\u00e3es Aguiar Neto, que foi reitor da Universidade Presbiteriana Mackenzie e hoje \u00e9 presidente da Capes, no MEC, tamb\u00e9m \u00e9 defendido por Veronezi. Correndo por fora est\u00e1 o atual reitor do Instituto Tecnol\u00f3gico de Aeron\u00e1utica (ITA), Anderson Correa, que foi presidente da Capes j\u00e1 no governo Bolsonaro.<\/p>\n<p>A preocupa\u00e7\u00e3o dos militares e de educadores \u00e9 que integrantes ligados a Olavo de Carvalho agora tenham argumentos para indicar um nome que prevale\u00e7a. O deputado Eduardo Bolsonaro teria sugerido S\u00e9rgio Sant&#8217;ana, ex-assessor especial de Abraham Weintraub e ligado a olavistas do governo. O nome de Ilona Becskehazy, que \u00e9 a atual secret\u00e1ria de Educa\u00e7\u00e3o B\u00e1sica no MEC, tamb\u00e9m est\u00e1 sendo defendido por grupos considerados ideol\u00f3gicos.<\/p>\n<p>Na segunda-feira, o presidente chamou Decotelli para uma conversa e postou nas redes sociais que o economista estava sendo v\u00edtima de cr\u00edticas para desmoraliz\u00e1-lo. Mas deu um recado: &#8220;O Sr. Decotelli n\u00e3o pretende ser um problema para a sua pasta (Governo), bem como, est\u00e1 ciente de seu equ\u00edvoco.&#8221; E n\u00e3o indicou que haveria posse, anteriormente marcada para esta ter\u00e7a. Decotelli saiu da reuni\u00e3o dizendo que era o ministro da Educa\u00e7\u00e3o.<\/p>\n<p>Segundo fontes, no entanto, o fato de Decotelli ser contestado agora por uma institui\u00e7\u00e3o do Pa\u00eds o fragilizou. Na semana passada, ele foi questionado por Franco Bartolacci, reitor da Universidade Nacional de Ros\u00e1rio, que disse que ele n\u00e3o conclui o doutorado. Nesta segunda, a Universidade de Wuppertal, na Alemanha, tamb\u00e9m afirmou que ele n\u00e3o fez p\u00f3s-doutorado na institui\u00e7\u00e3o. Decotelli mudou seu curr\u00edculo na plataforma Lattes depois dos questionamentos.<\/p>\n<p>&nbsp;<\/p>\n<p><strong>Fonte: Terra<\/strong><\/p>\n<p>&nbsp;<\/p>\n","protected":false},"excerpt":{"rendered":"<p>O presidente Jair Bolsonaro aceitou nesta ter\u00e7a-feira, 30, a carta de demiss\u00e3o de Carlos Alberto Decotelli, nomeado ministro da Educa\u00e7\u00e3o na semana passada. Depois de seu curr\u00edculo ter sido questionado por universidades estrangeiras e pela Funda\u00e7\u00e3o Getulio Vargas, o governo pediu que o economista deixasse o cargo para qual nem chegou a ser empossado. Ele &hellip;<\/p>\n","protected":false},"author":1,"featured_media":7666,"comment_status":"open","ping_status":"open","sticky":false,"template":"","format":"standard","meta":{"_jetpack_newsletter_access":"","_jetpack_dont_email_post_to_subs":false,"_jetpack_newsletter_tier_id":0,"_jetpack_memberships_contains_paywalled_content":false,"_jetpack_memberships_contains_paid_content":false,"footnotes":""},"categories":[1],"tags":[],"class_list":["post-7665","post","type-post","status-publish","format-standard","has-post-thumbnail","hentry","category-destaque"],"jetpack_sharing_enabled":true,"jetpack_featured_media_url":"","_links":{"self":[{"href":"https:\/\/www.oparanews.com.br\/index.php\/wp-json\/wp\/v2\/posts\/7665","targetHints":{"allow":["GET"]}}],"collection":[{"href":"https:\/\/www.oparanews.com.br\/index.php\/wp-json\/wp\/v2\/posts"}],"about":[{"href":"https:\/\/www.oparanews.com.br\/index.php\/wp-json\/wp\/v2\/types\/post"}],"author":[{"embeddable":true,"href":"https:\/\/www.oparanews.com.br\/index.php\/wp-json\/wp\/v2\/users\/1"}],"replies":[{"embeddable":true,"href":"https:\/\/www.oparanews.com.br\/index.php\/wp-json\/wp\/v2\/comments?post=7665"}],"version-history":[{"count":0,"href":"https:\/\/www.oparanews.com.br\/index.php\/wp-json\/wp\/v2\/posts\/7665\/revisions"}],"wp:attachment":[{"href":"https:\/\/www.oparanews.com.br\/index.php\/wp-json\/wp\/v2\/media?parent=7665"}],"wp:term":[{"taxonomy":"category","embeddable":true,"href":"https:\/\/www.oparanews.com.br\/index.php\/wp-json\/wp\/v2\/categories?post=7665"},{"taxonomy":"post_tag","embeddable":true,"href":"https:\/\/www.oparanews.com.br\/index.php\/wp-json\/wp\/v2\/tags?post=7665"}],"curies":[{"name":"wp","href":"https:\/\/api.w.org\/{rel}","templated":true}]}}