{"id":7671,"date":"2020-07-01T01:27:44","date_gmt":"2020-07-01T01:27:44","guid":{"rendered":"https:\/\/oparanews.com.br\/?p=7671"},"modified":"2020-07-01T01:27:44","modified_gmt":"2020-07-01T01:27:44","slug":"bolsonaro-destaca-papel-do-congresso-ao-prorrogar-auxilio","status":"publish","type":"post","link":"https:\/\/www.oparanews.com.br\/index.php\/2020\/07\/01\/bolsonaro-destaca-papel-do-congresso-ao-prorrogar-auxilio\/","title":{"rendered":"Bolsonaro destaca papel do Congresso ao prorrogar aux\u00edlio"},"content":{"rendered":"<p>O presidente Jair Bolsonaro assinou decreto nesta ter\u00e7a-feira para prorrogar o aux\u00edlio emergencial aos chamados vulner\u00e1veis e destacou a &#8220;sensibilidade&#8221; do Congresso Nacional e da equipe econ\u00f4mica.<\/p>\n<p>A assinatura do decreto que prorroga o benef\u00edcio por dois meses ocorreu em cerim\u00f4nia no Pal\u00e1cio do Planalto, que contou com a presen\u00e7a dos presidentes do Senado, Davi Alcolumbre (DEM-AP), da C\u00e2mara, Rodrigo Maia (DEM-RJ), e de v\u00e1rios ministros, dentre eles o da Economia, Paulo Guedes.<\/p>\n<p>Bolsonaro aproveitou para manifestar o desejo que a economia j\u00e1 esteja mostrando sinais de rea\u00e7\u00e3o ao final do per\u00edodo de prorroga\u00e7\u00e3o do benef\u00edcio.<\/p>\n<p>&nbsp;<\/p>\n<p><strong>Fonte: Terra<\/strong><\/p>\n<p>&nbsp;<\/p>\n","protected":false},"excerpt":{"rendered":"<p>O presidente Jair Bolsonaro assinou decreto nesta ter\u00e7a-feira para prorrogar o aux\u00edlio emergencial aos chamados vulner\u00e1veis e destacou a &#8220;sensibilidade&#8221; do Congresso Nacional e da equipe econ\u00f4mica. A assinatura do decreto que prorroga o benef\u00edcio por dois meses ocorreu em cerim\u00f4nia no Pal\u00e1cio do Planalto, que contou com a presen\u00e7a dos presidentes do Senado, Davi &hellip;<\/p>\n","protected":false},"author":1,"featured_media":7672,"comment_status":"open","ping_status":"open","sticky":false,"template":"","format":"standard","meta":{"_jetpack_newsletter_access":"","_jetpack_dont_email_post_to_subs":false,"_jetpack_newsletter_tier_id":0,"_jetpack_memberships_contains_paywalled_content":false,"_jetpack_memberships_contains_paid_content":false,"footnotes":""},"categories":[1],"tags":[],"class_list":["post-7671","post","type-post","status-publish","format-standard","has-post-thumbnail","hentry","category-destaque"],"jetpack_sharing_enabled":true,"jetpack_featured_media_url":"","_links":{"self":[{"href":"https:\/\/www.oparanews.com.br\/index.php\/wp-json\/wp\/v2\/posts\/7671","targetHints":{"allow":["GET"]}}],"collection":[{"href":"https:\/\/www.oparanews.com.br\/index.php\/wp-json\/wp\/v2\/posts"}],"about":[{"href":"https:\/\/www.oparanews.com.br\/index.php\/wp-json\/wp\/v2\/types\/post"}],"author":[{"embeddable":true,"href":"https:\/\/www.oparanews.com.br\/index.php\/wp-json\/wp\/v2\/users\/1"}],"replies":[{"embeddable":true,"href":"https:\/\/www.oparanews.com.br\/index.php\/wp-json\/wp\/v2\/comments?post=7671"}],"version-history":[{"count":0,"href":"https:\/\/www.oparanews.com.br\/index.php\/wp-json\/wp\/v2\/posts\/7671\/revisions"}],"wp:attachment":[{"href":"https:\/\/www.oparanews.com.br\/index.php\/wp-json\/wp\/v2\/media?parent=7671"}],"wp:term":[{"taxonomy":"category","embeddable":true,"href":"https:\/\/www.oparanews.com.br\/index.php\/wp-json\/wp\/v2\/categories?post=7671"},{"taxonomy":"post_tag","embeddable":true,"href":"https:\/\/www.oparanews.com.br\/index.php\/wp-json\/wp\/v2\/tags?post=7671"}],"curies":[{"name":"wp","href":"https:\/\/api.w.org\/{rel}","templated":true}]}}