{"id":7674,"date":"2020-07-01T01:32:23","date_gmt":"2020-07-01T01:32:23","guid":{"rendered":"https:\/\/oparanews.com.br\/?p=7674"},"modified":"2020-07-01T01:32:23","modified_gmt":"2020-07-01T01:32:23","slug":"globo-tenta-novamente-impedir-transmissao-de-jogo-do-fla","status":"publish","type":"post","link":"https:\/\/www.oparanews.com.br\/index.php\/2020\/07\/01\/globo-tenta-novamente-impedir-transmissao-de-jogo-do-fla\/","title":{"rendered":"Globo tenta novamente impedir transmiss\u00e3o de jogo do Fla"},"content":{"rendered":"<p>Uma novela que ainda render\u00e1 diversos cap\u00edtulos. Assim pode ser definido o imbr\u00f3glio entre Flamengo e Rede Globo, que, nesta ter\u00e7a-feira, entrou com recurso para tentar mudar a decis\u00e3o do juiz Ricardo Cyfer, da 10\u00aa Vara C\u00edvel do Tribunal de Justi\u00e7a do Estado do Rio de Janeiro (TJRJ) e que, na \u00faltima segunda-feira, indeferiu o pedido de liminar da emissora e, consequentemente, manteve a posi\u00e7\u00e3o da nova Medida Provis\u00f3ria (984), assinada pelo presidente Jair Bolsonaro. A informa\u00e7\u00e3o inicial \u00e9 do jornalista Ven\u00ea Casagrande e foi confirmada pelo LANCE!.<\/p>\n<p>A Globo, agora, aguarda uma aprecia\u00e7\u00e3o por parte dos respons\u00e1veis em tempo h\u00e1bil, a fim de evitar que o Fla transmita os jogos em que for mandante neste Campeonato Carioca &#8211; como o desta quarta-feira, diante do Boavista. O pedido foi protocolado, mas o clube segue confiante em mais uma vit\u00f3ria na Justi\u00e7a.<\/p>\n<p>Em fase de autua\u00e7\u00e3o, o processo tem como pr\u00f3ximo passo um relator a ser sorteado e que decidir\u00e1, sozinho, o desfecho do caso.<\/p>\n<p>Caso o Flamengo receba uma nova decis\u00e3o positiva ou permane\u00e7a o cen\u00e1rio atual, a transmiss\u00e3o do jogo contra o Boavista ser\u00e1 realizada atrav\u00e9s da FLA TV, com imagens e j\u00e1 agendada no YouTube para iniciar \u00e0s 19h30 desta quarta.<\/p>\n<p>O Flamengo, que chegou a citar um &#8220;abuso&#8221; por parte da emissora ao apresentar os seus argumentos no caso, mira recordes nesta transmiss\u00e3o.<\/p>\n<p>&nbsp;<\/p>\n<p><strong>Fonte: Terra<\/strong><\/p>\n<p>&nbsp;<\/p>\n","protected":false},"excerpt":{"rendered":"<p>Uma novela que ainda render\u00e1 diversos cap\u00edtulos. Assim pode ser definido o imbr\u00f3glio entre Flamengo e Rede Globo, que, nesta ter\u00e7a-feira, entrou com recurso para tentar mudar a decis\u00e3o do juiz Ricardo Cyfer, da 10\u00aa Vara C\u00edvel do Tribunal de Justi\u00e7a do Estado do Rio de Janeiro (TJRJ) e que, na \u00faltima segunda-feira, indeferiu o &hellip;<\/p>\n","protected":false},"author":1,"featured_media":7675,"comment_status":"open","ping_status":"open","sticky":false,"template":"","format":"standard","meta":{"_jetpack_newsletter_access":"","_jetpack_dont_email_post_to_subs":false,"_jetpack_newsletter_tier_id":0,"_jetpack_memberships_contains_paywalled_content":false,"_jetpack_memberships_contains_paid_content":false,"footnotes":""},"categories":[1],"tags":[],"class_list":["post-7674","post","type-post","status-publish","format-standard","has-post-thumbnail","hentry","category-destaque"],"jetpack_sharing_enabled":true,"jetpack_featured_media_url":"","_links":{"self":[{"href":"https:\/\/www.oparanews.com.br\/index.php\/wp-json\/wp\/v2\/posts\/7674","targetHints":{"allow":["GET"]}}],"collection":[{"href":"https:\/\/www.oparanews.com.br\/index.php\/wp-json\/wp\/v2\/posts"}],"about":[{"href":"https:\/\/www.oparanews.com.br\/index.php\/wp-json\/wp\/v2\/types\/post"}],"author":[{"embeddable":true,"href":"https:\/\/www.oparanews.com.br\/index.php\/wp-json\/wp\/v2\/users\/1"}],"replies":[{"embeddable":true,"href":"https:\/\/www.oparanews.com.br\/index.php\/wp-json\/wp\/v2\/comments?post=7674"}],"version-history":[{"count":0,"href":"https:\/\/www.oparanews.com.br\/index.php\/wp-json\/wp\/v2\/posts\/7674\/revisions"}],"wp:attachment":[{"href":"https:\/\/www.oparanews.com.br\/index.php\/wp-json\/wp\/v2\/media?parent=7674"}],"wp:term":[{"taxonomy":"category","embeddable":true,"href":"https:\/\/www.oparanews.com.br\/index.php\/wp-json\/wp\/v2\/categories?post=7674"},{"taxonomy":"post_tag","embeddable":true,"href":"https:\/\/www.oparanews.com.br\/index.php\/wp-json\/wp\/v2\/tags?post=7674"}],"curies":[{"name":"wp","href":"https:\/\/api.w.org\/{rel}","templated":true}]}}