{"id":7677,"date":"2020-07-01T01:38:58","date_gmt":"2020-07-01T01:38:58","guid":{"rendered":"https:\/\/oparanews.com.br\/?p=7677"},"modified":"2020-07-01T01:38:58","modified_gmt":"2020-07-01T01:38:58","slug":"csa-confirma-que-novo-ct-sera-construido-em-rio-largo","status":"publish","type":"post","link":"https:\/\/www.oparanews.com.br\/index.php\/2020\/07\/01\/csa-confirma-que-novo-ct-sera-construido-em-rio-largo\/","title":{"rendered":"CSA confirma que novo CT ser\u00e1 constru\u00eddo em Rio Largo"},"content":{"rendered":"<p>A novela sobre a constru\u00e7\u00e3o do novo CT Gustavo Paiva finalmente teve seu cap\u00edtulo final. O CSA anunciou que a nova casa do clube ser\u00e1 mesmo na cidade de Rio Largo, na Regi\u00e3o Metropolitana de Macei\u00f3. Em entrevista \u00e0 R\u00e1dio CBN Macei\u00f3 104,5, o presidente Rafael Ten\u00f3rio confirmou a informa\u00e7\u00e3o.<\/p>\n<p>&#8220;Junto de outros dirigentes, fomos nos reunir com o prefeito de Rio Largo, visitamos o local onde ser\u00e1 o novo CT, uma \u00e1rea de 200.000m\u00b2. O local \u00e9 onde planejamos fazer a integra\u00e7\u00e3o entre nossa base junto dos atletas profissionais&#8221;, afirmou Rafael Ten\u00f3rio.<\/p>\n<p>O mandat\u00e1rio marujo disse tamb\u00e9m que a constru\u00e7\u00e3o do novo CT, por ser num terreno grande, possibilita a cria\u00e7\u00e3o de um Est\u00e1dio pr\u00f3prio daqui a uns anos. &#8220;Pensando no futuro do clube, \u00e9 por isso que vamos para Rio Largo, que \u00e9 a terceira maior cidade de Alagoas. Indo mais al\u00e9m, cogitamos a ideia de construir nosso est\u00e1dio na cidade. Estamos indo para Rio Largo por tudo que a cidade tem a oferecer para o CSA&#8221;, enfatizou o dirigente.<\/p>\n<p>Logo que foi cogitado pela primeira vez que o CSA iria se mudar para Rio Largo, o presidente do Azul\u00e3o afirmou que a constru\u00e7\u00e3o do CT aconteceria j\u00e1 na metade de 2020, com prazo final para o ano que vem, quando terminar\u00e1 seu mandato no clube. Rafael Ten\u00f3rio reafirmou a ideia de finalizar as vindouras obras em 18 meses.<\/p>\n<p>&#8220;Temos que construir e finalizar o CT at\u00e9 o final da nossa gest\u00e3o, mas estamos indo por etapas. A primeira foi a aquisi\u00e7\u00e3o do terreno. A documenta\u00e7\u00e3o j\u00e1 foi encaminhada para nosso jur\u00eddico para avalia\u00e7\u00e3o. Agora vamos conversar com o prefeito da cidade para j\u00e1 come\u00e7armos as obras em outubro, ou, no mais tardar, em novembro, e entregar em 2021&#8221;, finalizou o presidente.<\/p>\n<p>Na \u00faltima semana, Rafael Ten\u00f3rio, junto com outros dirigentes e conselheiros, rodaram o Estado \u00e0 procura de terrenos para comportar a nova casa azulina, algumas regi\u00f5es como um trecho entre o Conjunto Benedito Bentes e o Aeroporto Zumbi dos Palmares chamou a aten\u00e7\u00e3o do presidente, al\u00e9m de cidades como Satuba, Barra Nova e at\u00e9 por tr\u00e1s do aeroporto.<\/p>\n<p>&nbsp;<\/p>\n<p><strong>Fonte: Gazetaweb<\/strong><\/p>\n<p>&nbsp;<\/p>\n","protected":false},"excerpt":{"rendered":"<p>A novela sobre a constru\u00e7\u00e3o do novo CT Gustavo Paiva finalmente teve seu cap\u00edtulo final. O CSA anunciou que a nova casa do clube ser\u00e1 mesmo na cidade de Rio Largo, na Regi\u00e3o Metropolitana de Macei\u00f3. Em entrevista \u00e0 R\u00e1dio CBN Macei\u00f3 104,5, o presidente Rafael Ten\u00f3rio confirmou a informa\u00e7\u00e3o. &#8220;Junto de outros dirigentes, fomos &hellip;<\/p>\n","protected":false},"author":1,"featured_media":7678,"comment_status":"open","ping_status":"open","sticky":false,"template":"","format":"standard","meta":{"_jetpack_newsletter_access":"","_jetpack_dont_email_post_to_subs":false,"_jetpack_newsletter_tier_id":0,"_jetpack_memberships_contains_paywalled_content":false,"_jetpack_memberships_contains_paid_content":false,"footnotes":""},"categories":[1],"tags":[],"class_list":["post-7677","post","type-post","status-publish","format-standard","has-post-thumbnail","hentry","category-destaque"],"jetpack_sharing_enabled":true,"jetpack_featured_media_url":"","_links":{"self":[{"href":"https:\/\/www.oparanews.com.br\/index.php\/wp-json\/wp\/v2\/posts\/7677","targetHints":{"allow":["GET"]}}],"collection":[{"href":"https:\/\/www.oparanews.com.br\/index.php\/wp-json\/wp\/v2\/posts"}],"about":[{"href":"https:\/\/www.oparanews.com.br\/index.php\/wp-json\/wp\/v2\/types\/post"}],"author":[{"embeddable":true,"href":"https:\/\/www.oparanews.com.br\/index.php\/wp-json\/wp\/v2\/users\/1"}],"replies":[{"embeddable":true,"href":"https:\/\/www.oparanews.com.br\/index.php\/wp-json\/wp\/v2\/comments?post=7677"}],"version-history":[{"count":0,"href":"https:\/\/www.oparanews.com.br\/index.php\/wp-json\/wp\/v2\/posts\/7677\/revisions"}],"wp:attachment":[{"href":"https:\/\/www.oparanews.com.br\/index.php\/wp-json\/wp\/v2\/media?parent=7677"}],"wp:term":[{"taxonomy":"category","embeddable":true,"href":"https:\/\/www.oparanews.com.br\/index.php\/wp-json\/wp\/v2\/categories?post=7677"},{"taxonomy":"post_tag","embeddable":true,"href":"https:\/\/www.oparanews.com.br\/index.php\/wp-json\/wp\/v2\/tags?post=7677"}],"curies":[{"name":"wp","href":"https:\/\/api.w.org\/{rel}","templated":true}]}}