{"id":7685,"date":"2020-07-01T23:47:00","date_gmt":"2020-07-01T23:47:00","guid":{"rendered":"https:\/\/oparanews.com.br\/?p=7685"},"modified":"2020-07-01T23:47:00","modified_gmt":"2020-07-01T23:47:00","slug":"penedo-tem-410-casos-de-covid-19-aponta-boletim-epidemiologico","status":"publish","type":"post","link":"https:\/\/www.oparanews.com.br\/index.php\/2020\/07\/01\/penedo-tem-410-casos-de-covid-19-aponta-boletim-epidemiologico\/","title":{"rendered":"Penedo tem 410 casos de Covid-19 aponta Boletim Epidemiol\u00f3gico"},"content":{"rendered":"<p>O Boletim Epidemiol\u00f3gico Covid-19 produzido pela Secretaria Municipal de Sa\u00fade mostra o aumento do n\u00famero de casos confirmados no munic\u00edpio, que com as atualiza\u00e7\u00f5es dos n\u00fameros totalizam 410 casos.<\/p>\n<p><a href=\"https:\/\/oparanews.com.br\/wp-content\/uploads\/2020\/07\/Sem-t\u00edtulo-10.jpg\"><img loading=\"lazy\" decoding=\"async\" class=\"alignleft size-medium wp-image-7686\" src=\"https:\/\/oparanews.com.br\/wp-content\/uploads\/2020\/07\/Sem-t\u00edtulo-10-273x300.jpg\" alt=\"\" width=\"273\" height=\"300\" \/><\/a>A SEMS Penedo informou que o aumento dos casos se deve a testagem das pessoas que constam nos boletins como monitoradas e s\u00e3o acompanhadas constantemente pela sa\u00fade municipal. Os testes das pessoas monitoradas pelo munic\u00edpio s\u00e3o realizados no Laborat\u00f3rio municipal que conta com uma moderna estrutura, necess\u00e1ria para o atendimento da popula\u00e7\u00e3o penedense, .<\/p>\n<p>Outra informa\u00e7\u00e3o \u00e9 o aumento da procura de pessoas por atendimento relacionado ao Covid-19, com a abertura do Centro de S\u00edndromes Gripais no Munic\u00edpio, local especializado para o atendimento de pessoas com sintomas.<\/p>\n<p>Dessa forma, com os investimentos na \u00e1rea de sa\u00fade, a popula\u00e7\u00e3o penedense tem tido acesso aos testes r\u00e1pidos, estando o aumento dos casos relacionado aos resultados desses testes.<\/p>\n<p>Os demais dados contidos no boletim epidemiol\u00f3gico mostram que outras 379 pessoas est\u00e3o sendo monitoradas em Penedo, 352 casos foram descartados e 04 s\u00e3o considerados suspeitos, 200 pessoas se recuperaram e 06 pessoas morreram v\u00edtimas de Covid-19 em Penedo.<\/p>\n<p><strong>Localidades<\/strong><\/p>\n<p><a href=\"https:\/\/oparanews.com.br\/wp-content\/uploads\/2020\/07\/Sem-t\u00edtulo-11.jpg\"><img loading=\"lazy\" decoding=\"async\" class=\"alignleft size-medium wp-image-7687\" src=\"https:\/\/oparanews.com.br\/wp-content\/uploads\/2020\/07\/Sem-t\u00edtulo-11-273x300.jpg\" alt=\"\" width=\"273\" height=\"300\" \/><\/a>Com os novos n\u00fameros divulgados pela SEMS Penedo, o bairro Dom Constantino voltou a ser a localidade onde se concentram o maior n\u00famero de casos, com 99 pessoas doentes, com o bairro de Santa Luzia logo atr\u00e1s com 84 casos. J\u00e1 o centro do munic\u00edpio agora possui 64 ocorr\u00eancias de Covid-19 , o Bairro Raimundo Marinho 52 e o Bairro Santo Ant\u00f4nio popular Barro Vermelho com 23.<\/p>\n<p>Esse logradouros registram a maior parte dos novos casos registrados. J\u00e1 na zona rural n\u00e3o houveram grandes altera\u00e7\u00f5es com rela\u00e7\u00e3o aos n\u00fameros anteriores, o Povoado Tabuleiro dos Negros registrou mais duas ocorr\u00eancias e a Cooperativa mais uma.<\/p>\n<p>&nbsp;<\/p>\n<p><strong>por Thiago Sobral &#8211; Decom (PMP)<\/strong><\/p>\n<p>&nbsp;<\/p>\n","protected":false},"excerpt":{"rendered":"<p>O Boletim Epidemiol\u00f3gico Covid-19 produzido pela Secretaria Municipal de Sa\u00fade mostra o aumento do n\u00famero de casos confirmados no munic\u00edpio, que com as atualiza\u00e7\u00f5es dos n\u00fameros totalizam 410 casos. A SEMS Penedo informou que o aumento dos casos se deve a testagem das pessoas que constam nos boletins como monitoradas e s\u00e3o acompanhadas constantemente pela &hellip;<\/p>\n","protected":false},"author":1,"featured_media":6407,"comment_status":"open","ping_status":"open","sticky":false,"template":"","format":"standard","meta":{"_jetpack_newsletter_access":"","_jetpack_dont_email_post_to_subs":false,"_jetpack_newsletter_tier_id":0,"_jetpack_memberships_contains_paywalled_content":false,"_jetpack_memberships_contains_paid_content":false,"footnotes":""},"categories":[1],"tags":[],"class_list":["post-7685","post","type-post","status-publish","format-standard","has-post-thumbnail","hentry","category-destaque"],"jetpack_sharing_enabled":true,"jetpack_featured_media_url":"","_links":{"self":[{"href":"https:\/\/www.oparanews.com.br\/index.php\/wp-json\/wp\/v2\/posts\/7685","targetHints":{"allow":["GET"]}}],"collection":[{"href":"https:\/\/www.oparanews.com.br\/index.php\/wp-json\/wp\/v2\/posts"}],"about":[{"href":"https:\/\/www.oparanews.com.br\/index.php\/wp-json\/wp\/v2\/types\/post"}],"author":[{"embeddable":true,"href":"https:\/\/www.oparanews.com.br\/index.php\/wp-json\/wp\/v2\/users\/1"}],"replies":[{"embeddable":true,"href":"https:\/\/www.oparanews.com.br\/index.php\/wp-json\/wp\/v2\/comments?post=7685"}],"version-history":[{"count":0,"href":"https:\/\/www.oparanews.com.br\/index.php\/wp-json\/wp\/v2\/posts\/7685\/revisions"}],"wp:attachment":[{"href":"https:\/\/www.oparanews.com.br\/index.php\/wp-json\/wp\/v2\/media?parent=7685"}],"wp:term":[{"taxonomy":"category","embeddable":true,"href":"https:\/\/www.oparanews.com.br\/index.php\/wp-json\/wp\/v2\/categories?post=7685"},{"taxonomy":"post_tag","embeddable":true,"href":"https:\/\/www.oparanews.com.br\/index.php\/wp-json\/wp\/v2\/tags?post=7685"}],"curies":[{"name":"wp","href":"https:\/\/api.w.org\/{rel}","templated":true}]}}