{"id":7689,"date":"2020-07-01T23:50:00","date_gmt":"2020-07-01T23:50:00","guid":{"rendered":"https:\/\/oparanews.com.br\/?p=7689"},"modified":"2020-07-01T23:50:00","modified_gmt":"2020-07-01T23:50:00","slug":"morre-idosa-esfaqueada-pelo-filho-em-penedo","status":"publish","type":"post","link":"https:\/\/www.oparanews.com.br\/index.php\/2020\/07\/01\/morre-idosa-esfaqueada-pelo-filho-em-penedo\/","title":{"rendered":"Morre idosa esfaqueada pelo filho em Penedo"},"content":{"rendered":"<p>A idosa esfaqueada pelo filho no in\u00edcio da semana em Penedo, regi\u00e3o do Baixo S\u00e3o Francisco de Alagoas, n\u00e3o resistiu aos ferimentos e morreu no Hospital de Emerg\u00eancia do Agreste (HEA), em Arapiraca. A informa\u00e7\u00e3o foi confirmada pelo hospital nesta quarta-feira (1\u00ba).<\/p>\n<p>Segundo testemunhas da agress\u00e3o \u00e0 Nanci Correia dos Santos, de 67 anos, o filho dela, de 41 anos, sofre com transtornos psiqui\u00e1tricos e a esfaqueou durante um surto. Ap\u00f3s o ataque \u00e0 idosa, vizinhos tentaram linch\u00e1-lo com golpes de fac\u00e3o, mas ele sobreviveu.<\/p>\n<p>A idosa foi socorrida pelo Servi\u00e7o de Atendimento M\u00f3vel de Urg\u00eancia (Samu) para o HEA, onde chegou a ficar internada na Unidade de Terapia Intensiva (UTI), mas faleceu no dia seguinte, na ter\u00e7a (30).<\/p>\n<p>O filho dela foi levado para a Unidade de Pronto Atendimento (UPA) de Penedo com diversos cortes na cabe\u00e7a e no bra\u00e7o direito, mas tamb\u00e9m foi transferido para o HEA, onde segue internado em estado grave na UTI.<\/p>\n<p>N\u00e3o h\u00e1 informa\u00e7\u00f5es de que a pol\u00edcia o prendeu ou tenha autuado pelo crime.<\/p>\n<p>&nbsp;<\/p>\n<p><strong>Fonte: G1\/AL<\/strong><\/p>\n<p>&nbsp;<\/p>\n","protected":false},"excerpt":{"rendered":"<p>A idosa esfaqueada pelo filho no in\u00edcio da semana em Penedo, regi\u00e3o do Baixo S\u00e3o Francisco de Alagoas, n\u00e3o resistiu aos ferimentos e morreu no Hospital de Emerg\u00eancia do Agreste (HEA), em Arapiraca. A informa\u00e7\u00e3o foi confirmada pelo hospital nesta quarta-feira (1\u00ba). Segundo testemunhas da agress\u00e3o \u00e0 Nanci Correia dos Santos, de 67 anos, o &hellip;<\/p>\n","protected":false},"author":1,"featured_media":7690,"comment_status":"open","ping_status":"open","sticky":false,"template":"","format":"standard","meta":{"_jetpack_newsletter_access":"","_jetpack_dont_email_post_to_subs":false,"_jetpack_newsletter_tier_id":0,"_jetpack_memberships_contains_paywalled_content":false,"_jetpack_memberships_contains_paid_content":false,"footnotes":""},"categories":[1],"tags":[],"class_list":["post-7689","post","type-post","status-publish","format-standard","has-post-thumbnail","hentry","category-destaque"],"jetpack_sharing_enabled":true,"jetpack_featured_media_url":"","_links":{"self":[{"href":"https:\/\/www.oparanews.com.br\/index.php\/wp-json\/wp\/v2\/posts\/7689","targetHints":{"allow":["GET"]}}],"collection":[{"href":"https:\/\/www.oparanews.com.br\/index.php\/wp-json\/wp\/v2\/posts"}],"about":[{"href":"https:\/\/www.oparanews.com.br\/index.php\/wp-json\/wp\/v2\/types\/post"}],"author":[{"embeddable":true,"href":"https:\/\/www.oparanews.com.br\/index.php\/wp-json\/wp\/v2\/users\/1"}],"replies":[{"embeddable":true,"href":"https:\/\/www.oparanews.com.br\/index.php\/wp-json\/wp\/v2\/comments?post=7689"}],"version-history":[{"count":0,"href":"https:\/\/www.oparanews.com.br\/index.php\/wp-json\/wp\/v2\/posts\/7689\/revisions"}],"wp:attachment":[{"href":"https:\/\/www.oparanews.com.br\/index.php\/wp-json\/wp\/v2\/media?parent=7689"}],"wp:term":[{"taxonomy":"category","embeddable":true,"href":"https:\/\/www.oparanews.com.br\/index.php\/wp-json\/wp\/v2\/categories?post=7689"},{"taxonomy":"post_tag","embeddable":true,"href":"https:\/\/www.oparanews.com.br\/index.php\/wp-json\/wp\/v2\/tags?post=7689"}],"curies":[{"name":"wp","href":"https:\/\/api.w.org\/{rel}","templated":true}]}}