{"id":7709,"date":"2020-07-02T18:11:23","date_gmt":"2020-07-02T18:11:23","guid":{"rendered":"https:\/\/oparanews.com.br\/?p=7709"},"modified":"2020-07-02T18:11:23","modified_gmt":"2020-07-02T18:11:23","slug":"globo-anuncia-que-nao-transmitira-mais-o-carioca","status":"publish","type":"post","link":"https:\/\/www.oparanews.com.br\/index.php\/2020\/07\/02\/globo-anuncia-que-nao-transmitira-mais-o-carioca\/","title":{"rendered":"Globo anuncia que n\u00e3o transmitir\u00e1 mais o Carioca"},"content":{"rendered":"<p>Atrav\u00e9s de um comunicado oficial de seu setor de comunica\u00e7\u00e3o, a Rede Globo anunciou, nesta quinta-feira, que n\u00e3o vai mais transmitir o Campeonato Carioca. A emissora rescindiu o contrato que mantinha com a Federa\u00e7\u00e3o de Futebol do Rio de Janeiro (Ferj) e com os clubes, mas manter\u00e1 os pagamentos desta temporada.<\/p>\n<p>&#8220;No entendimento da Globo, o contrato foi violado na \u00faltima quarta, quando a FlaTV exibiu ao vivo a partida entre Flamengo e Boavista&#8221; &#8211; vencida pelo Rubro-Negro por 2 a 0, pela 5\u00aa rodada da Ta\u00e7a Rio.<\/p>\n<p>Cabe destacar que o Flamengo est\u00e1 em queda de bra\u00e7o com a emissora, inclusive na Justi\u00e7a, ap\u00f3s a publica\u00e7\u00e3o Medida Provis\u00f3ria 984, que permite que os mandantes dos jogos tenham direitos de transmiss\u00e3o de imagem.<\/p>\n<p>&#8211; Como a Federa\u00e7\u00e3o de Futebol do Rio de Janeiro e os demais Clubes n\u00e3o foram capazes de garantir a exclusividade prevista no contrato, n\u00e3o restou \u00e0 Globo outra alternativa al\u00e9m da rescis\u00e3o e o encerramento das transmiss\u00f5es dos jogos do Carioca &#8211; diz parte da nota da Globo.<\/p>\n<p>Os jogos de Fluminense e Vasco, nesta quinta, por exemplo, j\u00e1 n\u00e3o ser\u00e3o mais transmitidos pelo Premiere &#8211; servi\u00e7o que pertence ao Grupo Globo.<\/p>\n<p>Confira o comunicado na \u00edntegra:<\/p>\n<p><em>&#8220;Globo anunciou hoje que n\u00e3o vai mais transmitir o Campeonato Carioca. A emissora rescindiu o contrato que mantinha com a Federa\u00e7\u00e3o de Futebol do Rio de Janeiro e com os Clubes, mas manter\u00e1 os pagamentos desta temporada.<\/em><\/p>\n<p><em>No entendimento da Globo, o contrato foi violado ontem, quando a FlaTV exibiu ao vivo a partida entre Flamengo e Boavista. De acordo com o contrato, a Globo tinha exclusividade na transmiss\u00e3o dos jogos do Campeonato Carioca. A Federa\u00e7\u00e3o e onze Clubes assinaram o compromisso. A exce\u00e7\u00e3o foi o Flamengo. Na ocasi\u00e3o da assinatura e por v\u00e1rias temporadas em que o contrato foi cumprido, a legisla\u00e7\u00e3o brasileira previa que, para a transmiss\u00e3o de qualquer partida, era necess\u00e1ria a obten\u00e7\u00e3o de direitos dos dois Clubes envolvidos. Legalmente, ningu\u00e9m poderia transmitir os jogos do Flamengo no Carioca e s\u00f3 a Globo poderia transmitir os demais.<\/em><\/p>\n<p><em>No dia 18 de junho, a Presid\u00eancia da Rep\u00fablica editou a Medida Provis\u00f3ria 984, passando ao mandante dos jogos os direitos de transmiss\u00e3o. O Flamengo se baseou nessa MP para transmitir a sua partida ontem no Maracan\u00e3. A Globo entende que a Medida Provis\u00f3ria n\u00e3o poderia alterar um contrato celebrado antes de sua edi\u00e7\u00e3o e protegido pela Constitui\u00e7\u00e3o.<\/em><\/p>\n<p><em>Como a Federa\u00e7\u00e3o de Futebol do Rio de Janeiro e os demais Clubes n\u00e3o foram capazes de garantir a exclusividade prevista no contrato, n\u00e3o restou \u00e0 Globo outra alternativa al\u00e9m da rescis\u00e3o e o encerramento das transmiss\u00f5es dos jogos do Carioca &#8211; incluindo os tr\u00eas jogos de hoje que encerram a quinta rodada da Ta\u00e7a Rio e que seriam exibidos no Sportv e no Premiere.<\/em><\/p>\n<p><em>A Globo \u00e9 parceira e incentivadora do futebol brasileiro h\u00e1 muitas d\u00e9cadas e entende a import\u00e2ncia do esporte para Clubes, jogadores, marcas e torcedores. Exatamente por isso, apesar da decis\u00e3o de rescindir o contrato imediatamente, a Globo est\u00e1 disposta a fazer os pagamentos restantes desta temporada, em nome da sua parceria hist\u00f3rica com o futebol e da sua boa rela\u00e7\u00e3o com as equipes. Mas acredita que o futebol s\u00f3 ser\u00e1 capaz de vencer as in\u00fameras dificuldades com planejamento e seguran\u00e7a jur\u00eddica para aqueles que investem altas quantias nesse neg\u00f3cio t\u00e3o importante para o Brasil e para os brasileiros.&#8221;<\/em><\/p>\n<p>&nbsp;<\/p>\n<p><strong>Fonte: LANCE!<\/strong><\/p>\n<p>&nbsp;<\/p>\n","protected":false},"excerpt":{"rendered":"<p>Atrav\u00e9s de um comunicado oficial de seu setor de comunica\u00e7\u00e3o, a Rede Globo anunciou, nesta quinta-feira, que n\u00e3o vai mais transmitir o Campeonato Carioca. A emissora rescindiu o contrato que mantinha com a Federa\u00e7\u00e3o de Futebol do Rio de Janeiro (Ferj) e com os clubes, mas manter\u00e1 os pagamentos desta temporada. &#8220;No entendimento da Globo, &hellip;<\/p>\n","protected":false},"author":1,"featured_media":7710,"comment_status":"open","ping_status":"open","sticky":false,"template":"","format":"standard","meta":{"_jetpack_newsletter_access":"","_jetpack_dont_email_post_to_subs":false,"_jetpack_newsletter_tier_id":0,"_jetpack_memberships_contains_paywalled_content":false,"_jetpack_memberships_contains_paid_content":false,"footnotes":""},"categories":[1],"tags":[],"class_list":["post-7709","post","type-post","status-publish","format-standard","has-post-thumbnail","hentry","category-destaque"],"jetpack_sharing_enabled":true,"jetpack_featured_media_url":"","_links":{"self":[{"href":"https:\/\/www.oparanews.com.br\/index.php\/wp-json\/wp\/v2\/posts\/7709","targetHints":{"allow":["GET"]}}],"collection":[{"href":"https:\/\/www.oparanews.com.br\/index.php\/wp-json\/wp\/v2\/posts"}],"about":[{"href":"https:\/\/www.oparanews.com.br\/index.php\/wp-json\/wp\/v2\/types\/post"}],"author":[{"embeddable":true,"href":"https:\/\/www.oparanews.com.br\/index.php\/wp-json\/wp\/v2\/users\/1"}],"replies":[{"embeddable":true,"href":"https:\/\/www.oparanews.com.br\/index.php\/wp-json\/wp\/v2\/comments?post=7709"}],"version-history":[{"count":0,"href":"https:\/\/www.oparanews.com.br\/index.php\/wp-json\/wp\/v2\/posts\/7709\/revisions"}],"wp:attachment":[{"href":"https:\/\/www.oparanews.com.br\/index.php\/wp-json\/wp\/v2\/media?parent=7709"}],"wp:term":[{"taxonomy":"category","embeddable":true,"href":"https:\/\/www.oparanews.com.br\/index.php\/wp-json\/wp\/v2\/categories?post=7709"},{"taxonomy":"post_tag","embeddable":true,"href":"https:\/\/www.oparanews.com.br\/index.php\/wp-json\/wp\/v2\/tags?post=7709"}],"curies":[{"name":"wp","href":"https:\/\/api.w.org\/{rel}","templated":true}]}}