{"id":7712,"date":"2020-07-02T18:13:01","date_gmt":"2020-07-02T18:13:01","guid":{"rendered":"https:\/\/oparanews.com.br\/?p=7712"},"modified":"2020-07-02T18:13:01","modified_gmt":"2020-07-02T18:13:01","slug":"ifal-oferece-280-vagas-em-cursos-superiores-pelo-sisu-2020-2","status":"publish","type":"post","link":"https:\/\/www.oparanews.com.br\/index.php\/2020\/07\/02\/ifal-oferece-280-vagas-em-cursos-superiores-pelo-sisu-2020-2\/","title":{"rendered":"Ifal oferece 280 vagas em cursos superiores pelo Sisu 2020.2"},"content":{"rendered":"<p>O Instituto Federal de Alagoas (Ifal) est\u00e1 ofertando 280 vagas em cursos superiores para o segundo semestre do ano letivo de 2020. Os interessados devem se inscrever de 7 a 10 de julho pelo Sistema de Sele\u00e7\u00e3o Unificada (Sisu) 2020.2. S\u00e3o sete gradua\u00e7\u00f5es distribu\u00eddas nos campi Macei\u00f3, Marechal Deodoro e Palmeira dos \u00cdndios. Clique aqui para acessar o site da inscri\u00e7\u00e3o.<\/p>\n<p>A sele\u00e7\u00e3o acontece com base nas notas obtidas atrav\u00e9s do Exame Nacional do Ensino M\u00e9dio (Enem) do ano de 2019. Para ter acesso ao sistema de inscri\u00e7\u00e3o do Sisu, \u00e9 necess\u00e1rio que os candidatos tenham uma conta gov.br. Clique aqui para conferir.<\/p>\n<p>Confira os cursos e vagas dispon\u00edveis:<\/p>\n<p>No Campus Macei\u00f3: Design de Interiores (20 vagas), Gest\u00e3o de Turismo (40 vagas), Hotelaria (40 vagas) e os bacharelados em Engenharia Civil (40 vagas) e Sistemas de informa\u00e7\u00e3o (40 vagas).<br \/>\nCampus Marechal Deodoro: Gest\u00e3o Ambiental (40 vagas)<br \/>\nCampus Palmeira dos \u00cdndios: Engenharia Civil (30 vagas) e Engenharia El\u00e9trica (30 vagas).<\/p>\n<p>O resultado da chamada regular estar\u00e1 dispon\u00edvel em 14 de julho. A partir dessa data at\u00e9 21 de julho fica aberto o prazo para os alunos n\u00e3o classificados se inscreverem na lista de espera.<\/p>\n<p>Cada participante pode escolher at\u00e9 duas op\u00e7\u00f5es de curso e, caso o desempenho seja suficiente para classifica\u00e7\u00e3o nos dois, prevalecer\u00e1 a primeira op\u00e7\u00e3o, com apenas uma chamada para a matr\u00edcula.<\/p>\n<p>Na P\u00e1gina de Exames do Ifal \u00e9 poss\u00edvel conferir mais informa\u00e7\u00f5es sobre o processo seletivo, como o Termo de Ades\u00e3o, o edital do Sisu 2020.2 e outros documentos. <a href=\"https:\/\/exame.ifal.edu.br\/\"><strong>Clique aqui para acessar<\/strong><\/a>.<\/p>\n<p>&nbsp;<\/p>\n<p><strong>Fonte: G1\/AL<\/strong><\/p>\n<p>&nbsp;<\/p>\n","protected":false},"excerpt":{"rendered":"<p>O Instituto Federal de Alagoas (Ifal) est\u00e1 ofertando 280 vagas em cursos superiores para o segundo semestre do ano letivo de 2020. Os interessados devem se inscrever de 7 a 10 de julho pelo Sistema de Sele\u00e7\u00e3o Unificada (Sisu) 2020.2. S\u00e3o sete gradua\u00e7\u00f5es distribu\u00eddas nos campi Macei\u00f3, Marechal Deodoro e Palmeira dos \u00cdndios. Clique aqui &hellip;<\/p>\n","protected":false},"author":1,"featured_media":7713,"comment_status":"open","ping_status":"open","sticky":false,"template":"","format":"standard","meta":{"_jetpack_newsletter_access":"","_jetpack_dont_email_post_to_subs":false,"_jetpack_newsletter_tier_id":0,"_jetpack_memberships_contains_paywalled_content":false,"_jetpack_memberships_contains_paid_content":false,"footnotes":""},"categories":[1],"tags":[],"class_list":["post-7712","post","type-post","status-publish","format-standard","has-post-thumbnail","hentry","category-destaque"],"jetpack_sharing_enabled":true,"jetpack_featured_media_url":"","_links":{"self":[{"href":"https:\/\/www.oparanews.com.br\/index.php\/wp-json\/wp\/v2\/posts\/7712","targetHints":{"allow":["GET"]}}],"collection":[{"href":"https:\/\/www.oparanews.com.br\/index.php\/wp-json\/wp\/v2\/posts"}],"about":[{"href":"https:\/\/www.oparanews.com.br\/index.php\/wp-json\/wp\/v2\/types\/post"}],"author":[{"embeddable":true,"href":"https:\/\/www.oparanews.com.br\/index.php\/wp-json\/wp\/v2\/users\/1"}],"replies":[{"embeddable":true,"href":"https:\/\/www.oparanews.com.br\/index.php\/wp-json\/wp\/v2\/comments?post=7712"}],"version-history":[{"count":0,"href":"https:\/\/www.oparanews.com.br\/index.php\/wp-json\/wp\/v2\/posts\/7712\/revisions"}],"wp:attachment":[{"href":"https:\/\/www.oparanews.com.br\/index.php\/wp-json\/wp\/v2\/media?parent=7712"}],"wp:term":[{"taxonomy":"category","embeddable":true,"href":"https:\/\/www.oparanews.com.br\/index.php\/wp-json\/wp\/v2\/categories?post=7712"},{"taxonomy":"post_tag","embeddable":true,"href":"https:\/\/www.oparanews.com.br\/index.php\/wp-json\/wp\/v2\/tags?post=7712"}],"curies":[{"name":"wp","href":"https:\/\/api.w.org\/{rel}","templated":true}]}}