{"id":7715,"date":"2020-07-03T01:34:23","date_gmt":"2020-07-03T01:34:23","guid":{"rendered":"https:\/\/oparanews.com.br\/?p=7715"},"modified":"2020-07-03T01:34:23","modified_gmt":"2020-07-03T01:34:23","slug":"penedo-tem-mais-de-400-casos-confirmados-de-covid-19","status":"publish","type":"post","link":"https:\/\/www.oparanews.com.br\/index.php\/2020\/07\/03\/penedo-tem-mais-de-400-casos-confirmados-de-covid-19\/","title":{"rendered":"Penedo tem mais de 400 casos confirmados de Covid-19"},"content":{"rendered":"<p>O boletim epidemiol\u00f3gico da Secretaria Municipal de Sa\u00fade (SEMS) de Penedo divulgado nesta quinta-feira, 02 de julho, registra 432 casos confirmados de Covid-19.<\/p>\n<p><a href=\"https:\/\/oparanews.com.br\/wp-content\/uploads\/2020\/07\/Sem-t\u00edtulo-20.jpg\"><img loading=\"lazy\" decoding=\"async\" class=\"alignleft size-medium wp-image-7716\" src=\"https:\/\/oparanews.com.br\/wp-content\/uploads\/2020\/07\/Sem-t\u00edtulo-20-273x300.jpg\" alt=\"\" width=\"273\" height=\"300\" \/><\/a>Os dados atualizados sobre a pandemia do novo coronav\u00edrus em Penedo mostram ainda que 406 pessoas est\u00e3o sendo monitoradas por pessoal da SEMS Penedo.<\/p>\n<p>O munic\u00edpio contabiliza quatro casos suspeitos, 375 descartados, seis \u00f3bitos e 259 pessoas recuperadas da doen\u00e7a com 1.091 \u00f3bitos registrados em Alagoas at\u00e9 hoje.<\/p>\n<p>O boletim da Secretaria de Estado da Sa\u00fade registra ainda 37.328 casos confirmados do novo coronav\u00edrus e 29.185 pacientes j\u00e1 recuperados.<\/p>\n<p><strong>Localidades com casos de Covid-19 em Penedo<\/strong><\/p>\n<p>&nbsp;<\/p>\n<p><a href=\"https:\/\/oparanews.com.br\/wp-content\/uploads\/2020\/07\/Sem-t\u00edtulo-22.jpg\"><img loading=\"lazy\" decoding=\"async\" class=\"alignleft size-medium wp-image-7718\" src=\"https:\/\/oparanews.com.br\/wp-content\/uploads\/2020\/07\/Sem-t\u00edtulo-22-273x300.jpg\" alt=\"\" width=\"273\" height=\"300\" \/><\/a>A atualiza\u00e7\u00e3o do boletim da SEMS altera o quadro de localidades do munic\u00edpio onde residem as pessoas contaminadas por coronav\u00edrus. Na \u00e1rea urbana, os bairros Dom Constantino e Santa Luzia t\u00eam a maior ocorr\u00eancia de Covid-19, 105 e 87, respectivamente.<\/p>\n<p>O aumento de casos confirmados tamb\u00e9m se reflete na zona rural, onde o povoado Palmeira Alta registra 24, seguido do Tabuleiro dos Negros, com 13. Confira a distribui\u00e7\u00e3o completa no quadro abaixo<\/p>\n<p>&nbsp;<\/p>\n<p><strong>por Fernando Vin\u00edcius \u2013 Decom PMP<\/strong><\/p>\n<p>&nbsp;<\/p>\n","protected":false},"excerpt":{"rendered":"<p>O boletim epidemiol\u00f3gico da Secretaria Municipal de Sa\u00fade (SEMS) de Penedo divulgado nesta quinta-feira, 02 de julho, registra 432 casos confirmados de Covid-19. Os dados atualizados sobre a pandemia do novo coronav\u00edrus em Penedo mostram ainda que 406 pessoas est\u00e3o sendo monitoradas por pessoal da SEMS Penedo. O munic\u00edpio contabiliza quatro casos suspeitos, 375 descartados, &hellip;<\/p>\n","protected":false},"author":1,"featured_media":7717,"comment_status":"open","ping_status":"open","sticky":false,"template":"","format":"standard","meta":{"_jetpack_newsletter_access":"","_jetpack_dont_email_post_to_subs":false,"_jetpack_newsletter_tier_id":0,"_jetpack_memberships_contains_paywalled_content":false,"_jetpack_memberships_contains_paid_content":false,"footnotes":""},"categories":[1],"tags":[],"class_list":["post-7715","post","type-post","status-publish","format-standard","has-post-thumbnail","hentry","category-destaque"],"jetpack_sharing_enabled":true,"jetpack_featured_media_url":"","_links":{"self":[{"href":"https:\/\/www.oparanews.com.br\/index.php\/wp-json\/wp\/v2\/posts\/7715","targetHints":{"allow":["GET"]}}],"collection":[{"href":"https:\/\/www.oparanews.com.br\/index.php\/wp-json\/wp\/v2\/posts"}],"about":[{"href":"https:\/\/www.oparanews.com.br\/index.php\/wp-json\/wp\/v2\/types\/post"}],"author":[{"embeddable":true,"href":"https:\/\/www.oparanews.com.br\/index.php\/wp-json\/wp\/v2\/users\/1"}],"replies":[{"embeddable":true,"href":"https:\/\/www.oparanews.com.br\/index.php\/wp-json\/wp\/v2\/comments?post=7715"}],"version-history":[{"count":0,"href":"https:\/\/www.oparanews.com.br\/index.php\/wp-json\/wp\/v2\/posts\/7715\/revisions"}],"wp:attachment":[{"href":"https:\/\/www.oparanews.com.br\/index.php\/wp-json\/wp\/v2\/media?parent=7715"}],"wp:term":[{"taxonomy":"category","embeddable":true,"href":"https:\/\/www.oparanews.com.br\/index.php\/wp-json\/wp\/v2\/categories?post=7715"},{"taxonomy":"post_tag","embeddable":true,"href":"https:\/\/www.oparanews.com.br\/index.php\/wp-json\/wp\/v2\/tags?post=7715"}],"curies":[{"name":"wp","href":"https:\/\/api.w.org\/{rel}","templated":true}]}}