{"id":7723,"date":"2020-07-03T01:42:50","date_gmt":"2020-07-03T01:42:50","guid":{"rendered":"https:\/\/oparanews.com.br\/?p=7723"},"modified":"2020-07-03T01:42:50","modified_gmt":"2020-07-03T01:42:50","slug":"a-comunidade-precisa-entender-a-gravidade-da-situacao-alerta-secretario-marcos-beltrao","status":"publish","type":"post","link":"https:\/\/www.oparanews.com.br\/index.php\/2020\/07\/03\/a-comunidade-precisa-entender-a-gravidade-da-situacao-alerta-secretario-marcos-beltrao\/","title":{"rendered":"\u201cA comunidade precisa entender a gravidade da situa\u00e7\u00e3o\u201d, alerta Secret\u00e1rio Marcos Beltr\u00e3o"},"content":{"rendered":"<p>O aumento de casos confirmados de Covid-19 em Penedo comprova o relaxamento de parte da popula\u00e7\u00e3o sobre as medidas de preven\u00e7\u00e3o, descuido cujo resultado aparece nos boletins epidemiol\u00f3gicos.<\/p>\n<p>At\u00e9 ter\u00e7a-feira, 30, Penedo registrava 310 casos confirmados da doen\u00e7a respons\u00e1vel por mais de mil mortes em Alagoas. No intervalo de 24 horas, mais cem pessoas contaminadas foram inclu\u00eddas no boletim da SEMS Penedo que informa mais 122 casos nesta quinta-feira, 02 de julho.<\/p>\n<p>Assim, do \u00faltimo dia do m\u00eas de junho at\u00e9 hoje, Penedo passou de 310 casos confirmados de Covid-19 para 432.<\/p>\n<p>O aumento impressionante \u00e9 consequ\u00eancia do descumprimento das medidas necess\u00e1rias para reduzir a dissemina\u00e7\u00e3o do coronav\u00edrus: uso de m\u00e1scara facial, higieniza\u00e7\u00e3o correta das m\u00e3os e dos alimentos, isolamento e distanciamento social.<\/p>\n<p>\u201cA comunidade precisa entender a gravidade da situa\u00e7\u00e3o. \u00c9 n\u00edtido que houve um relaxamento que fez aumentar os casos\u201d, disse o Secret\u00e1rio Marcos Beltr\u00e3o durante entrevista nesta quinta-feira, 02, ao programa A Voz do Povo (R\u00e1dio Grande Rio FM).<\/p>\n<p>Unidade de S\u00edndromes Gripais<\/p>\n<p>O gestor da SEMS Penedo explicou ainda que o \u2018salto\u2019 tamb\u00e9m se deve ao trabalho realizado na Unidade de Refer\u00eancias em S\u00edndromes Gripais. O local aberto na sexta-feira passada concentra o atendimento de pessoas com sintomas que podem ser de Covid.<\/p>\n<p>Somente na \u00faltima ter\u00e7a-feira, cerca de 160 pessoas receberam assist\u00eancia na unidade onde, a depender da avalia\u00e7\u00e3o cl\u00ednica, tamb\u00e9m \u00e9 disponibilizado teste r\u00e1pido, coleta de material para exame e acompanhamento.<\/p>\n<p>A amplia\u00e7\u00e3o do servi\u00e7o tamb\u00e9m permite o registro imediato de casos confirmados de cont\u00e1gio por coronav\u00edrus, evolu\u00e7\u00e3o da assist\u00eancia realizada pela Prefeitura de Penedo, por meio da SEMS. \u201cN\u00e3o estamos aqui para esconder, mas para divulgar o que realmente est\u00e1 acontecendo\u201d. frisou Marcos Beltr\u00e3o ao radialista Ant\u00f4nio Silva.<\/p>\n<p>Para o gestor da SEMS Penedo, \u201co que mais importa e precisa ser feito \u00e9 as pessoas tomaram os cuidados necess\u00e1rios. Se n\u00e3o for assim, n\u00e3o adianta criar locais de atendimento, abrir leitos, disponibilizar testes. Tem muita gente brincando e achando que a Covid-19 \u00e9 coisa boba\u201d.<\/p>\n<p>&nbsp;<\/p>\n<p><strong>por Fernando Vin\u00edcius \u2013 Decom PMP<\/strong><\/p>\n<p>&nbsp;<\/p>\n","protected":false},"excerpt":{"rendered":"<p>O aumento de casos confirmados de Covid-19 em Penedo comprova o relaxamento de parte da popula\u00e7\u00e3o sobre as medidas de preven\u00e7\u00e3o, descuido cujo resultado aparece nos boletins epidemiol\u00f3gicos. At\u00e9 ter\u00e7a-feira, 30, Penedo registrava 310 casos confirmados da doen\u00e7a respons\u00e1vel por mais de mil mortes em Alagoas. No intervalo de 24 horas, mais cem pessoas contaminadas &hellip;<\/p>\n","protected":false},"author":1,"featured_media":7724,"comment_status":"open","ping_status":"open","sticky":false,"template":"","format":"standard","meta":{"_jetpack_newsletter_access":"","_jetpack_dont_email_post_to_subs":false,"_jetpack_newsletter_tier_id":0,"_jetpack_memberships_contains_paywalled_content":false,"_jetpack_memberships_contains_paid_content":false,"footnotes":""},"categories":[1],"tags":[],"class_list":["post-7723","post","type-post","status-publish","format-standard","has-post-thumbnail","hentry","category-destaque"],"jetpack_sharing_enabled":true,"jetpack_featured_media_url":"","_links":{"self":[{"href":"https:\/\/www.oparanews.com.br\/index.php\/wp-json\/wp\/v2\/posts\/7723","targetHints":{"allow":["GET"]}}],"collection":[{"href":"https:\/\/www.oparanews.com.br\/index.php\/wp-json\/wp\/v2\/posts"}],"about":[{"href":"https:\/\/www.oparanews.com.br\/index.php\/wp-json\/wp\/v2\/types\/post"}],"author":[{"embeddable":true,"href":"https:\/\/www.oparanews.com.br\/index.php\/wp-json\/wp\/v2\/users\/1"}],"replies":[{"embeddable":true,"href":"https:\/\/www.oparanews.com.br\/index.php\/wp-json\/wp\/v2\/comments?post=7723"}],"version-history":[{"count":0,"href":"https:\/\/www.oparanews.com.br\/index.php\/wp-json\/wp\/v2\/posts\/7723\/revisions"}],"wp:attachment":[{"href":"https:\/\/www.oparanews.com.br\/index.php\/wp-json\/wp\/v2\/media?parent=7723"}],"wp:term":[{"taxonomy":"category","embeddable":true,"href":"https:\/\/www.oparanews.com.br\/index.php\/wp-json\/wp\/v2\/categories?post=7723"},{"taxonomy":"post_tag","embeddable":true,"href":"https:\/\/www.oparanews.com.br\/index.php\/wp-json\/wp\/v2\/tags?post=7723"}],"curies":[{"name":"wp","href":"https:\/\/api.w.org\/{rel}","templated":true}]}}