{"id":7726,"date":"2020-07-04T01:00:53","date_gmt":"2020-07-04T01:00:53","guid":{"rendered":"https:\/\/oparanews.com.br\/?p=7726"},"modified":"2020-07-04T01:00:53","modified_gmt":"2020-07-04T01:00:53","slug":"seduc-apresenta-novo-calendario-letivo-remoto-para-a-rede-estadual-de-ensino","status":"publish","type":"post","link":"https:\/\/www.oparanews.com.br\/index.php\/2020\/07\/04\/seduc-apresenta-novo-calendario-letivo-remoto-para-a-rede-estadual-de-ensino\/","title":{"rendered":"Seduc apresenta novo calend\u00e1rio letivo remoto para a rede estadual de ensino"},"content":{"rendered":"<p>A partir de segunda-feira (06) entra em vigor um novo calend\u00e1rio letivo para a rede estadual de ensino de Alagoas, que contabiliza como dias letivos as atividades que, por enquanto, acontecem \u00e0 dist\u00e2ncia. Com o novo calend\u00e1rio, as aulas remotas passam a ser contabilizadas, bem como ser\u00e3o computadas as frequ\u00eancias dos alunos nas atividades que podem ser on-line ou por material impresso.<\/p>\n<p>\u201cO calend\u00e1rio segue as orienta\u00e7\u00f5es do Minist\u00e9rio da Educa\u00e7\u00e3o, que estabeleceu a carga hor\u00e1ria m\u00ednima de 800 horas anuais para este per\u00edodo de pandemia, e \u00e9 uma sugest\u00e3o da Seduc para as escolas, em conson\u00e2ncia com a Resolu\u00e7\u00e3o 025\/2003 do Conselho Estadual de Educa\u00e7\u00e3o. As unidades de ensino, de acordo com a sua realidade, v\u00e3o se adequar para atender suas comunidades, considerando as especificidades das mesmas\u201d, explica Dileusa Costa, gerente de Apoio \u00e0 Gest\u00e3o Escolar da Seduc.<\/p>\n<p>Busca ativa \u2013 As escolas que n\u00e3o tiverem alcan\u00e7ado os 80% de alunos por turma neste per\u00edodo, por enquanto, ainda n\u00e3o poder\u00e3o contabilizar as atividades remotas como dias letivos. Neste caso, elas continuar\u00e3o trabalhando e fazendo busca ativa dos estudantes que n\u00e3o est\u00e3o participando das atividades \u00e0 dist\u00e2ncia para que, posteriormente, possam aderir ao novo calend\u00e1rio.<\/p>\n<p>Em uma pesquisa realizada pela Seduc com 46.831 alunos via formul\u00e1rio do Google, no per\u00edodo de 20 a 29 de maio 88% destes estudantes responderam que receberam e realizaram as atividades propostas pelos professores.<\/p>\n<p>Fase verde \u2013 Vale ressaltar que, mesmo contabilizando as atividades remotas como dias letivos, as aulas da rede estadual continuar\u00e3o acontecendo \u00e0 dist\u00e2ncia, como uma forma de proteger servidores, estudantes e seus familiares e seguindo as orienta\u00e7\u00f5es das autoridades de sa\u00fade para conter o avan\u00e7o do coronav\u00edrus em Alagoas.<\/p>\n<p>Segundo decreto publicado no \u00faltimo dia 22 de junho no Di\u00e1rio Oficial do Estado (DOE), a retomada das aulas presenciais nas redes p\u00fablica e privada de ensino de Alagoas s\u00f3 acontecer\u00e1 na \u00faltima etapa do Plano de Distanciamento Social Controlado \u2013 documento constru\u00eddo pelo Governo de Alagoas que estabelece as fases para o retorno \u00e0s atividades ap\u00f3s o isolamento social provocado pela pandemia da Covid-19. De acordo com o plano, a reabertura dos estabelecimentos educacionais s\u00f3 ocorrer\u00e1 na Fase Verde \u2013 quando todas as demais j\u00e1 tiverem sido cumpridas \u2013 e n\u00e3o tem data definida.<\/p>\n<p>A Fase Verde, que n\u00e3o tem data para iniciar, s\u00f3 ser\u00e1 aplicada ap\u00f3s a conclus\u00e3o das fases Vermelha (onde 101 munic\u00edpios est\u00e3o atualmente), Laranja (onde est\u00e1 Macei\u00f3), Amarela e Azul.<\/p>\n<p>&nbsp;<\/p>\n<p><strong>Fonte: Ag\u00eancia Alagoas<\/strong><\/p>\n<p>&nbsp;<\/p>\n","protected":false},"excerpt":{"rendered":"<p>A partir de segunda-feira (06) entra em vigor um novo calend\u00e1rio letivo para a rede estadual de ensino de Alagoas, que contabiliza como dias letivos as atividades que, por enquanto, acontecem \u00e0 dist\u00e2ncia. Com o novo calend\u00e1rio, as aulas remotas passam a ser contabilizadas, bem como ser\u00e3o computadas as frequ\u00eancias dos alunos nas atividades que &hellip;<\/p>\n","protected":false},"author":1,"featured_media":7727,"comment_status":"open","ping_status":"open","sticky":false,"template":"","format":"standard","meta":{"_jetpack_newsletter_access":"","_jetpack_dont_email_post_to_subs":false,"_jetpack_newsletter_tier_id":0,"_jetpack_memberships_contains_paywalled_content":false,"_jetpack_memberships_contains_paid_content":false,"footnotes":""},"categories":[1],"tags":[],"class_list":["post-7726","post","type-post","status-publish","format-standard","has-post-thumbnail","hentry","category-destaque"],"jetpack_sharing_enabled":true,"jetpack_featured_media_url":"","_links":{"self":[{"href":"https:\/\/www.oparanews.com.br\/index.php\/wp-json\/wp\/v2\/posts\/7726","targetHints":{"allow":["GET"]}}],"collection":[{"href":"https:\/\/www.oparanews.com.br\/index.php\/wp-json\/wp\/v2\/posts"}],"about":[{"href":"https:\/\/www.oparanews.com.br\/index.php\/wp-json\/wp\/v2\/types\/post"}],"author":[{"embeddable":true,"href":"https:\/\/www.oparanews.com.br\/index.php\/wp-json\/wp\/v2\/users\/1"}],"replies":[{"embeddable":true,"href":"https:\/\/www.oparanews.com.br\/index.php\/wp-json\/wp\/v2\/comments?post=7726"}],"version-history":[{"count":0,"href":"https:\/\/www.oparanews.com.br\/index.php\/wp-json\/wp\/v2\/posts\/7726\/revisions"}],"wp:attachment":[{"href":"https:\/\/www.oparanews.com.br\/index.php\/wp-json\/wp\/v2\/media?parent=7726"}],"wp:term":[{"taxonomy":"category","embeddable":true,"href":"https:\/\/www.oparanews.com.br\/index.php\/wp-json\/wp\/v2\/categories?post=7726"},{"taxonomy":"post_tag","embeddable":true,"href":"https:\/\/www.oparanews.com.br\/index.php\/wp-json\/wp\/v2\/tags?post=7726"}],"curies":[{"name":"wp","href":"https:\/\/api.w.org\/{rel}","templated":true}]}}