{"id":7729,"date":"2020-07-04T01:18:43","date_gmt":"2020-07-04T01:18:43","guid":{"rendered":"https:\/\/oparanews.com.br\/?p=7729"},"modified":"2020-07-04T01:18:43","modified_gmt":"2020-07-04T01:18:43","slug":"novos-numeros-mostram-448-casos-confirmados-de-covid-19-em-penedo","status":"publish","type":"post","link":"https:\/\/www.oparanews.com.br\/index.php\/2020\/07\/04\/novos-numeros-mostram-448-casos-confirmados-de-covid-19-em-penedo\/","title":{"rendered":"Novos n\u00fameros mostram 448 casos confirmados de Covid-19 em Penedo"},"content":{"rendered":"<p>Os dados atualizados sobre a pandemia do novo coronav\u00edrus em Penedo, divulgados por meio do boletim epidemiol\u00f3gico da Secretaria Municipal de Sa\u00fade (SEMS), mostram nessa sexta-feira (03) um novo aumento dos casos confirmados de Covid-19, chegando agora a 448 casos confirmados.<\/p>\n<p>O munic\u00edpio tamb\u00e9m tem atualmente quatro casos suspeitos, 563 pessoas monitoradas, 394 descartados, seis \u00f3bitos e 284 pessoas recuperadas da doen\u00e7a.<\/p>\n<p>Em todo o Estado, foram registrados nas ultimas 24h novos 1.076 casos de Covid-19 totalizando 38.404 casos confirmados, com 1113 \u00f3bitos. Outros 30.181 n\u00e3o apresentam mais sintomas e podem ser considerados recuperados da doen\u00e7a.<\/p>\n<p><strong>Localidades<\/strong><\/p>\n<p>O novo boletim da SEMS mostra tamb\u00e9m as localidades com maior incid\u00eancia de contamina\u00e7\u00e3o, com os bairros Dom Constantino e Santa Luzia tendo a maior ocorr\u00eancia de Covid-19, 111 e 91, respectivamente.<\/p>\n<p>Os n\u00fameros referentes aos demais logradouros s\u00e3o:<\/p>\n<p>71 centro ;<\/p>\n<p>24 Palmeira Alta ;<\/p>\n<p>39 Senhor do Bonfim<\/p>\n<p>55 Raimundo Marinho ;<\/p>\n<p>06 Povoado Capela<\/p>\n<p>03 Povoado Santa Margarida ;<\/p>\n<p>26 Santo Ant\u00f4nio ;<\/p>\n<p>05 Santa Izabel;<\/p>\n<p>13 Tabuleiro ;<\/p>\n<p>01 Santa Cec\u00edlia ;<\/p>\n<p>03 Cooperativa.<\/p>\n<p>&nbsp;<\/p>\n<p><strong>por Thiago Sobral &#8211; Decom (PMP)<\/strong><\/p>\n<p>&nbsp;<\/p>\n","protected":false},"excerpt":{"rendered":"<p>Os dados atualizados sobre a pandemia do novo coronav\u00edrus em Penedo, divulgados por meio do boletim epidemiol\u00f3gico da Secretaria Municipal de Sa\u00fade (SEMS), mostram nessa sexta-feira (03) um novo aumento dos casos confirmados de Covid-19, chegando agora a 448 casos confirmados. O munic\u00edpio tamb\u00e9m tem atualmente quatro casos suspeitos, 563 pessoas monitoradas, 394 descartados, seis &hellip;<\/p>\n","protected":false},"author":1,"featured_media":7730,"comment_status":"open","ping_status":"open","sticky":false,"template":"","format":"standard","meta":{"_jetpack_newsletter_access":"","_jetpack_dont_email_post_to_subs":false,"_jetpack_newsletter_tier_id":0,"_jetpack_memberships_contains_paywalled_content":false,"_jetpack_memberships_contains_paid_content":false,"footnotes":""},"categories":[1],"tags":[],"class_list":["post-7729","post","type-post","status-publish","format-standard","has-post-thumbnail","hentry","category-destaque"],"jetpack_sharing_enabled":true,"jetpack_featured_media_url":"","_links":{"self":[{"href":"https:\/\/www.oparanews.com.br\/index.php\/wp-json\/wp\/v2\/posts\/7729","targetHints":{"allow":["GET"]}}],"collection":[{"href":"https:\/\/www.oparanews.com.br\/index.php\/wp-json\/wp\/v2\/posts"}],"about":[{"href":"https:\/\/www.oparanews.com.br\/index.php\/wp-json\/wp\/v2\/types\/post"}],"author":[{"embeddable":true,"href":"https:\/\/www.oparanews.com.br\/index.php\/wp-json\/wp\/v2\/users\/1"}],"replies":[{"embeddable":true,"href":"https:\/\/www.oparanews.com.br\/index.php\/wp-json\/wp\/v2\/comments?post=7729"}],"version-history":[{"count":0,"href":"https:\/\/www.oparanews.com.br\/index.php\/wp-json\/wp\/v2\/posts\/7729\/revisions"}],"wp:attachment":[{"href":"https:\/\/www.oparanews.com.br\/index.php\/wp-json\/wp\/v2\/media?parent=7729"}],"wp:term":[{"taxonomy":"category","embeddable":true,"href":"https:\/\/www.oparanews.com.br\/index.php\/wp-json\/wp\/v2\/categories?post=7729"},{"taxonomy":"post_tag","embeddable":true,"href":"https:\/\/www.oparanews.com.br\/index.php\/wp-json\/wp\/v2\/tags?post=7729"}],"curies":[{"name":"wp","href":"https:\/\/api.w.org\/{rel}","templated":true}]}}