{"id":7732,"date":"2020-07-04T01:23:03","date_gmt":"2020-07-04T01:23:03","guid":{"rendered":"https:\/\/oparanews.com.br\/?p=7732"},"modified":"2020-07-04T01:23:03","modified_gmt":"2020-07-04T01:23:03","slug":"csa-anuncia-contratacao-do-lateral-esquerdo-igor-fernandes","status":"publish","type":"post","link":"https:\/\/www.oparanews.com.br\/index.php\/2020\/07\/04\/csa-anuncia-contratacao-do-lateral-esquerdo-igor-fernandes\/","title":{"rendered":"CSA anuncia contrata\u00e7\u00e3o do lateral-esquerdo Igor Fernandes"},"content":{"rendered":"<p>O CSA anunciou nesta sexta-feira (3) a contrata\u00e7\u00e3o do lateral-esquerdo Igor Fernandes. O atleta de 28 anos j\u00e1 est\u00e1 em Macei\u00f3 e vai passar por exames m\u00e9dicos, para em seguida assinar contrato at\u00e9 o fim do ano.<\/p>\n<p>Igor Fernandes da Silva Ara\u00fajo nasceu em S\u00e3o Paulo-SP e come\u00e7ou a carreira no Corinthians. Ao longo da carreira teve passagens por clubes do interior paulista. No futebol nordestino defendeu o Sport Recife e o ABC. Estava no Ava\u00ed desde 2018, clube no qual conquistou o Campeonato Catarinense no ano passado.<\/p>\n<p>&nbsp;<\/p>\n<p><strong>com ascom CSA<\/strong><\/p>\n<p>&nbsp;<\/p>\n","protected":false},"excerpt":{"rendered":"<p>O CSA anunciou nesta sexta-feira (3) a contrata\u00e7\u00e3o do lateral-esquerdo Igor Fernandes. O atleta de 28 anos j\u00e1 est\u00e1 em Macei\u00f3 e vai passar por exames m\u00e9dicos, para em seguida assinar contrato at\u00e9 o fim do ano. Igor Fernandes da Silva Ara\u00fajo nasceu em S\u00e3o Paulo-SP e come\u00e7ou a carreira no Corinthians. Ao longo da &hellip;<\/p>\n","protected":false},"author":1,"featured_media":7733,"comment_status":"open","ping_status":"open","sticky":false,"template":"","format":"standard","meta":{"_jetpack_newsletter_access":"","_jetpack_dont_email_post_to_subs":false,"_jetpack_newsletter_tier_id":0,"_jetpack_memberships_contains_paywalled_content":false,"_jetpack_memberships_contains_paid_content":false,"footnotes":""},"categories":[1],"tags":[],"class_list":["post-7732","post","type-post","status-publish","format-standard","has-post-thumbnail","hentry","category-destaque"],"jetpack_sharing_enabled":true,"jetpack_featured_media_url":"","_links":{"self":[{"href":"https:\/\/www.oparanews.com.br\/index.php\/wp-json\/wp\/v2\/posts\/7732","targetHints":{"allow":["GET"]}}],"collection":[{"href":"https:\/\/www.oparanews.com.br\/index.php\/wp-json\/wp\/v2\/posts"}],"about":[{"href":"https:\/\/www.oparanews.com.br\/index.php\/wp-json\/wp\/v2\/types\/post"}],"author":[{"embeddable":true,"href":"https:\/\/www.oparanews.com.br\/index.php\/wp-json\/wp\/v2\/users\/1"}],"replies":[{"embeddable":true,"href":"https:\/\/www.oparanews.com.br\/index.php\/wp-json\/wp\/v2\/comments?post=7732"}],"version-history":[{"count":0,"href":"https:\/\/www.oparanews.com.br\/index.php\/wp-json\/wp\/v2\/posts\/7732\/revisions"}],"wp:attachment":[{"href":"https:\/\/www.oparanews.com.br\/index.php\/wp-json\/wp\/v2\/media?parent=7732"}],"wp:term":[{"taxonomy":"category","embeddable":true,"href":"https:\/\/www.oparanews.com.br\/index.php\/wp-json\/wp\/v2\/categories?post=7732"},{"taxonomy":"post_tag","embeddable":true,"href":"https:\/\/www.oparanews.com.br\/index.php\/wp-json\/wp\/v2\/tags?post=7732"}],"curies":[{"name":"wp","href":"https:\/\/api.w.org\/{rel}","templated":true}]}}