{"id":7741,"date":"2020-07-04T01:30:51","date_gmt":"2020-07-04T01:30:51","guid":{"rendered":"https:\/\/oparanews.com.br\/?p=7741"},"modified":"2020-07-04T01:30:51","modified_gmt":"2020-07-04T01:30:51","slug":"portaria-da-semfaz-penedo-prorroga-vencimento-das-parcelas-do-iptu-e-tsu-2020","status":"publish","type":"post","link":"https:\/\/www.oparanews.com.br\/index.php\/2020\/07\/04\/portaria-da-semfaz-penedo-prorroga-vencimento-das-parcelas-do-iptu-e-tsu-2020\/","title":{"rendered":"Portaria da Semfaz Penedo prorroga vencimento das parcelas do IPTU e TSU 2020"},"content":{"rendered":"<p>A Secretaria Municipal da Fazenda da Prefeitura de Penedo publicou no Di\u00e1rio Oficial do Munic\u00edpio, uma portaria que prorroga a data de vencimento das parcelas do Imposto sobre a Propriedade Predial e Territorial Urbana (IPTU) e da Taxa de Servi\u00e7o Urbano (TSU).<\/p>\n<p>As novas datas de vencimento tem in\u00edcio no dia 30 de Setembro, de acordo com o calend\u00e1rio que pode ser acessado por meio do seguinte link.<\/p>\n<p>A referida portaria leva em considera\u00e7\u00e3o o decreto municipal n\u00ba 669 de 2020, que declara situa\u00e7\u00e3o de emerg\u00eancia e estabelece medidas tempor\u00e1rias no \u00e2mbito municipal, al\u00e9m da necessidade de evitar preju\u00edzos para os contribuintes que n\u00e3o receberam o carn\u00ea em tempo h\u00e1bil.<\/p>\n<p>De acordo com a Sefaz, os carn\u00eas de IPTU e TSU n\u00e3o recebidos pelos contribuintes at\u00e9 o dia 30 de setembro, dever\u00e3o ser solicitados na sede da Superintend\u00eancia Fazend\u00e1ria localizada na Avenida Get\u00falio Vargas, 284, Centro Hist\u00f3rico de Penedo ou no endere\u00e7o oficial www.penedo.al.gov.br no ambiente Portal do Contribuinte.<\/p>\n<p>&nbsp;<\/p>\n<p><strong>por Thiago Sobral &#8211; Decom (PMP)<\/strong><\/p>\n<p>&nbsp;<\/p>\n","protected":false},"excerpt":{"rendered":"<p>A Secretaria Municipal da Fazenda da Prefeitura de Penedo publicou no Di\u00e1rio Oficial do Munic\u00edpio, uma portaria que prorroga a data de vencimento das parcelas do Imposto sobre a Propriedade Predial e Territorial Urbana (IPTU) e da Taxa de Servi\u00e7o Urbano (TSU). As novas datas de vencimento tem in\u00edcio no dia 30 de Setembro, de &hellip;<\/p>\n","protected":false},"author":1,"featured_media":7742,"comment_status":"open","ping_status":"open","sticky":false,"template":"","format":"standard","meta":{"_jetpack_newsletter_access":"","_jetpack_dont_email_post_to_subs":false,"_jetpack_newsletter_tier_id":0,"_jetpack_memberships_contains_paywalled_content":false,"_jetpack_memberships_contains_paid_content":false,"footnotes":""},"categories":[1],"tags":[],"class_list":["post-7741","post","type-post","status-publish","format-standard","has-post-thumbnail","hentry","category-destaque"],"jetpack_sharing_enabled":true,"jetpack_featured_media_url":"","_links":{"self":[{"href":"https:\/\/www.oparanews.com.br\/index.php\/wp-json\/wp\/v2\/posts\/7741","targetHints":{"allow":["GET"]}}],"collection":[{"href":"https:\/\/www.oparanews.com.br\/index.php\/wp-json\/wp\/v2\/posts"}],"about":[{"href":"https:\/\/www.oparanews.com.br\/index.php\/wp-json\/wp\/v2\/types\/post"}],"author":[{"embeddable":true,"href":"https:\/\/www.oparanews.com.br\/index.php\/wp-json\/wp\/v2\/users\/1"}],"replies":[{"embeddable":true,"href":"https:\/\/www.oparanews.com.br\/index.php\/wp-json\/wp\/v2\/comments?post=7741"}],"version-history":[{"count":0,"href":"https:\/\/www.oparanews.com.br\/index.php\/wp-json\/wp\/v2\/posts\/7741\/revisions"}],"wp:attachment":[{"href":"https:\/\/www.oparanews.com.br\/index.php\/wp-json\/wp\/v2\/media?parent=7741"}],"wp:term":[{"taxonomy":"category","embeddable":true,"href":"https:\/\/www.oparanews.com.br\/index.php\/wp-json\/wp\/v2\/categories?post=7741"},{"taxonomy":"post_tag","embeddable":true,"href":"https:\/\/www.oparanews.com.br\/index.php\/wp-json\/wp\/v2\/tags?post=7741"}],"curies":[{"name":"wp","href":"https:\/\/api.w.org\/{rel}","templated":true}]}}