{"id":7744,"date":"2020-07-04T01:34:09","date_gmt":"2020-07-04T01:34:09","guid":{"rendered":"https:\/\/oparanews.com.br\/?p=7744"},"modified":"2020-07-04T01:34:09","modified_gmt":"2020-07-04T01:34:09","slug":"brasil-tem-4o-dia-seguido-com-mais-de-mil-mortes-em-24h","status":"publish","type":"post","link":"https:\/\/www.oparanews.com.br\/index.php\/2020\/07\/04\/brasil-tem-4o-dia-seguido-com-mais-de-mil-mortes-em-24h\/","title":{"rendered":"Brasil tem 4\u00ba dia seguido com mais de mil mortes em 24h"},"content":{"rendered":"<p>O Brasil ultrapassou nesta sexta-feira a marca de 1,5 milh\u00e3o de casos de coronav\u00edrus, com a confirma\u00e7\u00e3o de 42.223 novas infec\u00e7\u00f5es, cifra que eleva o total no pa\u00eds a 1.539.081, informou o Minist\u00e9rio da Sa\u00fade e o Conselho Nacional de Secret\u00e1rios de Sa\u00fade.<\/p>\n<p>Em rela\u00e7\u00e3o ao n\u00famero de \u00f3bitos, foram notificadas 1.290 novas mortes, fazendo com que o total atinja 63.174, acrescentou o minist\u00e9rio. Foi o quarto dia consecutivo com mais de mil mortes &#8211; 1.280 na ter\u00e7a, 1.038 na quarta e 1.252 na quinta. O n\u00famero tamb\u00e9m \u00e9 o mais alto dos \u00faltimos 11 dias, desde que o Brasil bateu a marca de 1.374 mortes, no dia 23 de junho.<\/p>\n<p>Considerando os n\u00fameros absolutos, o ranking de estados com mais casos e mortes se mant\u00e9m inalterado. S\u00e3o Paulo, que lidera a lista, somou mais 343 \u00f3bitos nas \u00faltimas 24 horas, elevando o n\u00famero total para 15.694. Ao todo, o estado contabiliza 310.517 casos confirmados, com 165.766 recuperados.<\/p>\n<p>O Rio de Janeiro, por sua vez, ocupa a segunda coloca\u00e7\u00e3o e registrou 10.500 mortes por covid-19, com 118.956 casos confirmados. S\u00e3o 168 \u00f3bitos e 2.133 contamina\u00e7\u00f5es em um dia.<\/p>\n<p>O Brasil \u00e9 o segundo pa\u00eds do mundo com maior contagem de casos e mortes devido ao v\u00edrus, atr\u00e1s apenas dos Estados Unidos, que possuem quase 2,8 milh\u00f5es de infec\u00e7\u00f5es confirmadas e mais de 129 mil \u00f3bitos.<\/p>\n<p>&nbsp;<\/p>\n<p><strong>Com informa\u00e7\u00f5es da Reuters e da Ansa<\/strong><\/p>\n<p>&nbsp;<\/p>\n","protected":false},"excerpt":{"rendered":"<p>O Brasil ultrapassou nesta sexta-feira a marca de 1,5 milh\u00e3o de casos de coronav\u00edrus, com a confirma\u00e7\u00e3o de 42.223 novas infec\u00e7\u00f5es, cifra que eleva o total no pa\u00eds a 1.539.081, informou o Minist\u00e9rio da Sa\u00fade e o Conselho Nacional de Secret\u00e1rios de Sa\u00fade. Em rela\u00e7\u00e3o ao n\u00famero de \u00f3bitos, foram notificadas 1.290 novas mortes, fazendo &hellip;<\/p>\n","protected":false},"author":1,"featured_media":7745,"comment_status":"open","ping_status":"open","sticky":false,"template":"","format":"standard","meta":{"_jetpack_newsletter_access":"","_jetpack_dont_email_post_to_subs":false,"_jetpack_newsletter_tier_id":0,"_jetpack_memberships_contains_paywalled_content":false,"_jetpack_memberships_contains_paid_content":false,"footnotes":""},"categories":[1],"tags":[],"class_list":["post-7744","post","type-post","status-publish","format-standard","has-post-thumbnail","hentry","category-destaque"],"jetpack_sharing_enabled":true,"jetpack_featured_media_url":"","_links":{"self":[{"href":"https:\/\/www.oparanews.com.br\/index.php\/wp-json\/wp\/v2\/posts\/7744","targetHints":{"allow":["GET"]}}],"collection":[{"href":"https:\/\/www.oparanews.com.br\/index.php\/wp-json\/wp\/v2\/posts"}],"about":[{"href":"https:\/\/www.oparanews.com.br\/index.php\/wp-json\/wp\/v2\/types\/post"}],"author":[{"embeddable":true,"href":"https:\/\/www.oparanews.com.br\/index.php\/wp-json\/wp\/v2\/users\/1"}],"replies":[{"embeddable":true,"href":"https:\/\/www.oparanews.com.br\/index.php\/wp-json\/wp\/v2\/comments?post=7744"}],"version-history":[{"count":0,"href":"https:\/\/www.oparanews.com.br\/index.php\/wp-json\/wp\/v2\/posts\/7744\/revisions"}],"wp:attachment":[{"href":"https:\/\/www.oparanews.com.br\/index.php\/wp-json\/wp\/v2\/media?parent=7744"}],"wp:term":[{"taxonomy":"category","embeddable":true,"href":"https:\/\/www.oparanews.com.br\/index.php\/wp-json\/wp\/v2\/categories?post=7744"},{"taxonomy":"post_tag","embeddable":true,"href":"https:\/\/www.oparanews.com.br\/index.php\/wp-json\/wp\/v2\/tags?post=7744"}],"curies":[{"name":"wp","href":"https:\/\/api.w.org\/{rel}","templated":true}]}}