{"id":7747,"date":"2020-07-04T02:05:42","date_gmt":"2020-07-04T02:05:42","guid":{"rendered":"https:\/\/oparanews.com.br\/?p=7747"},"modified":"2020-07-04T02:05:42","modified_gmt":"2020-07-04T02:05:42","slug":"sp-libera-reabertura-parcial-de-academias-cinemas-e-teatros","status":"publish","type":"post","link":"https:\/\/www.oparanews.com.br\/index.php\/2020\/07\/04\/sp-libera-reabertura-parcial-de-academias-cinemas-e-teatros\/","title":{"rendered":"SP libera reabertura parcial de academias, cinemas e teatros"},"content":{"rendered":"<p>O governo de S\u00e3o Paulo divulgou nesta sexta-feira, 3, regras que preveem a reabertura de academias, cinemas, teatros e eventos culturais e esportivos ainda neste m\u00eas, em regi\u00f5es que est\u00e3o na fase &#8220;amarela&#8221; do Plano S\u00e3o Paulo, o programa de reabertura econ\u00f4mica de S\u00e3o Paulo em meio \u00e0 pandemia. A previs\u00e3o \u00e9 de que esses setores possam iniciar o atendimento ao p\u00fablico a partir do dia 27 de julho, se as tend\u00eancias de redu\u00e7\u00e3o dos \u00edndices de novos casos, interna\u00e7\u00f5es e mortes por covid-19 permanecerem. A exce\u00e7\u00e3o \u00e9 para as academias, que poder\u00e3o reabrir j\u00e1 na semana que vem.<\/p>\n<p>O an\u00fancio se trata de uma antecipa\u00e7\u00e3o. Essas atividades s\u00f3 estavam previstas, quando da apresenta\u00e7\u00e3o do plano, para a fase &#8220;verde,&#8221; quando a epidemia estivesse menos grave. As tr\u00eas \u00fanicas regi\u00f5es do Estado que poder\u00e3o liberar as atividades ainda neste m\u00eas, caso mantenham as tend\u00eancias, s\u00e3o a capital, a regi\u00e3o do ABC e o sudoeste da regi\u00e3o metropolitana, em cidades como Itapecerica da Serra e Embu-Gua\u00e7u.<\/p>\n<p>No caso da capital, entretanto, as defini\u00e7\u00f5es sobre novas datas de reabertura ainda n\u00e3o est\u00e3o confirmadas. &#8220;A partir de hoje (sexta-feira), a gente come\u00e7a uma discuss\u00e3o interna com a vigil\u00e2ncia sanit\u00e1ria do munic\u00edpio dada essa decis\u00e3o do governo do Estado&#8221;, disse o prefeito da capital, Bruno Covas (PSDB). A cidade assinar\u00e1 neste s\u00e1bado, 4, os protocolos com bares, restaurantes, sal\u00f5es de beleza, liberando a reabertura parcial a partir de segunda-feira, 6. &#8220;A capital permanece agora j\u00e1 por sete dias consecutivos na fase amarela&#8221;, destacou.<\/p>\n<p>Para bares e restaurantes, a fase amarela do Plano S\u00e3o Paulo prev\u00ea funcionamento por seis horas di\u00e1rias, at\u00e9 \u00e0s 17 horas, com ocupa\u00e7\u00e3o m\u00e1xima de 40%. Tamb\u00e9m h\u00e1 uma limita\u00e7\u00e3o das opera\u00e7\u00f5es a ambientes ao ar livre ou arejados, de acordo com o plano. Tamb\u00e9m \u00e9 obrigat\u00f3rio o uso de m\u00e1scaras, tanto por clientes quanto por funcion\u00e1rios, e a ado\u00e7\u00e3o de protocolos de higiene.<\/p>\n<p>J\u00e1 para sal\u00f5es de beleza, essa fase do plano prev\u00ea atendimento com apenas 40% da capacidade, funcionamento por seis horas, uso obrigat\u00f3rio de m\u00e1scaras e tamb\u00e9m a ado\u00e7\u00e3o de protocolos espec\u00edficos de higiene e distanciamento.<\/p>\n<p>As academias ter\u00e3o de respeitar um limite de ocupa\u00e7\u00e3o 30% da capacidade de p\u00fablico, um hor\u00e1rio de funcionamento de seis horas di\u00e1rias, com acesso apenas por meio de agendamento pr\u00e9vio e suspens\u00e3o de atividades em grupo e do uso dos vesti\u00e1rios. Ser\u00e3o permitidas apenas aulas e pr\u00e1ticas individuais e os equipamentos precisam ser higienizados tr\u00eas vezes ao dia. Est\u00e3o suspensos o uso de chuveiros, com isso alunos n\u00e3o poder\u00e3o tomar banho no local.<\/p>\n<p>J\u00e1 os cinemas, teatros e eventos culturais e esportivos s\u00f3 podem funcionar com 40% da capacidade do espa\u00e7o, com as pessoas respeitando a dist\u00e2ncia de um metro e meio entre elas e h\u00e1 a obrigatoriedade de que o p\u00fablico esteja sentado. O funcionamento \u00e9 permitido por seis horas. A venda de ingressos deve ser feita exclusivamente pela internet, com assentos marcados e hor\u00e1rios pr\u00e9-agendados. Nesta fase, n\u00e3o \u00e9 permitido o consumo de alimentos ou bebidas, a fim de que todas as pessoas permane\u00e7am usando m\u00e1scara. A pipoca no cinema estar\u00e1 vedada.<\/p>\n<p>Tanto nas academias e nos demais eventos, o uso de m\u00e1scara continua obrigat\u00f3rio. No caso de eventos com p\u00fablico em p\u00e9, que inclui museus, exposi\u00e7\u00f5es e outros eventos culturais libera\u00e7\u00e3o s\u00f3 se dar\u00e1 na fase verde do programa. Nas proje\u00e7\u00f5es do governo, isso se dar\u00e1 em meados de outubro. Eles ter\u00e3o de respeitar limite de 60% da capacidade, fazer marca\u00e7\u00f5es para a separa\u00e7\u00e3o das pessoas e tamb\u00e9m realizar venda antecipada de ingressos.<\/p>\n<p>A previs\u00e3o para a retomada no fim do m\u00eas para atividades culturais \u00e9 decorrente de uma regra determinada pelo Centro de Conting\u00eancia do Coronav\u00edrus. &#8220;N\u00e3o \u00e9 funcionamento imediato a partir de segunda-feira. Tem essa previsibilidade das quatro semanas&#8221;, disse a secret\u00e1ria de Desenvolvimento Econ\u00f4mico, Patricia Ellen.<\/p>\n<p>Questionada se as mudan\u00e7as serviam para atender a pedidos dos setores econ\u00f4micos ligados a essas atividades, a secret\u00e1ria disse que &#8220;o que fizemos foi especificar melhor o que pode funcionar em cada etapa, lembrando que atualiza\u00e7\u00f5es de planos de gest\u00e3o da pandemia s\u00e3o realizadas no mundo inteiro&#8221;.<\/p>\n<p>O secret\u00e1rio-executivo do Centro de Conting\u00eancia, Jo\u00e3o Gabbardo, destacou que pessoas idosas e com doen\u00e7as cr\u00f4nicas, p\u00fablico de maior risco em casos de infec\u00e7\u00e3o pelo coronav\u00edrus, devem permanecer em casa. &#8220;Toda as atividades que est\u00e3o sendo agora flexibilizadas n\u00e3o mudam a recomenda\u00e7\u00e3o do centro de conting\u00eancia para que essas pessoas permane\u00e7am em casa e que s\u00f3 saiam por necessidade&#8221;, disse.<\/p>\n<p>Gabbardo ainda destacou que, no caso das academias, a libera\u00e7\u00e3o traz como quest\u00e3o de fundo benef\u00edcios para a sa\u00fade decorrentes da realiza\u00e7\u00e3o de atividades f\u00edsicas. &#8220;O fator mais significativo, aquele que traz mais impacto sobre a sa\u00fade da popula\u00e7\u00e3o, a sa\u00fade das pessoas, a preserva\u00e7\u00e3o e a preven\u00e7\u00e3o de doen\u00e7as, \u00e9 a atividade f\u00edsica, mais do que alimenta\u00e7\u00e3o saud\u00e1vel, o h\u00e1bito de n\u00e3o fumar&#8221;, afirmou. &#8220;Ent\u00e3o, a atividade f\u00edsica deve ser avaliada n\u00e3o como uma atividade de lazer, mas como a condi\u00e7\u00e3o que impacta na sa\u00fade das pessoas.&#8221;<\/p>\n<p>Campinas entra na fase vermelha<\/p>\n<p>Com aumento na demanda por leitos de interna\u00e7\u00e3o para pacientes com covid-19 na regi\u00e3o de Campinas, no interior do Estado, a regi\u00e3o voltou para a fase &#8220;vermelha&#8221; dentro do Plano S\u00e3o Paulo. Essa foi a \u00fanica altera\u00e7\u00e3o na classifica\u00e7\u00e3o das cidades nesta semana, segundo informou a secret\u00e1ria Patr\u00edcia Ellen. As regi\u00f5es que est\u00e3o na fase vermelha s\u00e3o: Ara\u00e7atuba, Bauru, Franca, Mar\u00edlia, Piracicaba, Presidente Prudente, Registro, Ribeir\u00e3o Preto e Sorocaba. Nenhuma \u00e1rea avan\u00e7ou de fase. Nesta semana, a reclassificaa\u00e7\u00e3o era de controle, o que significa que as cidades s\u00f3 poderiam voltar para fases anteriores. Apenas na semana que vem \u00e9 que as novas avalia\u00e7\u00f5es poder\u00e3o liberar as cidades a migrar para etapas com maior abertura.<\/p>\n<p>O secret\u00e1rio de Desenvolvimento Regional, Marco Vinholi, destacou que os indicadores da pandemia melhoraram no Estado, mas pontuou que algumas regi\u00f5es ainda precisam de aten\u00e7\u00e3o especial. &#8220;Ningu\u00e9m ficou sem atendimento at\u00e9 agora no Estado de S\u00e3o Paulo e ningu\u00e9m ficar\u00e1. Portanto, vamos ampliar a capacidade hospitalar da regi\u00e3o de Ribeir\u00e3o Preto, da regi\u00e3o de Campinas e tamb\u00e9m do munic\u00edpio de Itaquaquecetuba, que foi recomendado para vir para a fase vermelha.<\/p>\n<p>&#8220;Os indicadores, em geral, indicam uma tend\u00eancia positiva&#8221;, disse tamb\u00e9m Patr\u00edcia, ao comentar a infraestrutura de sa\u00fade na rede de atendimento do interior do Estado melhorou. Ela afirmou que houve, somando dados de todo o Estado, um decr\u00e9scimo de 3% nas interna\u00e7\u00f5es e de 13% nas mortes.<\/p>\n<p>Segundo os dados divulgados nesta tarde, mais 343 pessoas morreram por covid-19 no Estado de S\u00e3o Paulo nas \u00faltimas 24 horas. O total de mortes no Estado foi para 15.694 . Ao todo, h\u00e1 310.517 pessoas infectadas com a covid-19 no Estado. Nas \u00faltimas 24 horas, mais 8.338 pessoas receberam diagn\u00f3stico de confirma\u00e7\u00e3o da doen\u00e7a.<\/p>\n<p>&#8220;Estamos chegando ao plat\u00f4 (de novos casos), quero deixar claro, na capital, n\u00e3o no Estado&#8221;, disse o governador Jo\u00e3o Doria (PSDB).<\/p>\n<p>&nbsp;<\/p>\n<p><strong>Fonte: Terra<\/strong><\/p>\n<p>&nbsp;<\/p>\n","protected":false},"excerpt":{"rendered":"<p>O governo de S\u00e3o Paulo divulgou nesta sexta-feira, 3, regras que preveem a reabertura de academias, cinemas, teatros e eventos culturais e esportivos ainda neste m\u00eas, em regi\u00f5es que est\u00e3o na fase &#8220;amarela&#8221; do Plano S\u00e3o Paulo, o programa de reabertura econ\u00f4mica de S\u00e3o Paulo em meio \u00e0 pandemia. A previs\u00e3o \u00e9 de que esses &hellip;<\/p>\n","protected":false},"author":1,"featured_media":7748,"comment_status":"open","ping_status":"open","sticky":false,"template":"","format":"standard","meta":{"_jetpack_newsletter_access":"","_jetpack_dont_email_post_to_subs":false,"_jetpack_newsletter_tier_id":0,"_jetpack_memberships_contains_paywalled_content":false,"_jetpack_memberships_contains_paid_content":false,"footnotes":""},"categories":[1],"tags":[],"class_list":["post-7747","post","type-post","status-publish","format-standard","has-post-thumbnail","hentry","category-destaque"],"jetpack_sharing_enabled":true,"jetpack_featured_media_url":"","_links":{"self":[{"href":"https:\/\/www.oparanews.com.br\/index.php\/wp-json\/wp\/v2\/posts\/7747","targetHints":{"allow":["GET"]}}],"collection":[{"href":"https:\/\/www.oparanews.com.br\/index.php\/wp-json\/wp\/v2\/posts"}],"about":[{"href":"https:\/\/www.oparanews.com.br\/index.php\/wp-json\/wp\/v2\/types\/post"}],"author":[{"embeddable":true,"href":"https:\/\/www.oparanews.com.br\/index.php\/wp-json\/wp\/v2\/users\/1"}],"replies":[{"embeddable":true,"href":"https:\/\/www.oparanews.com.br\/index.php\/wp-json\/wp\/v2\/comments?post=7747"}],"version-history":[{"count":0,"href":"https:\/\/www.oparanews.com.br\/index.php\/wp-json\/wp\/v2\/posts\/7747\/revisions"}],"wp:attachment":[{"href":"https:\/\/www.oparanews.com.br\/index.php\/wp-json\/wp\/v2\/media?parent=7747"}],"wp:term":[{"taxonomy":"category","embeddable":true,"href":"https:\/\/www.oparanews.com.br\/index.php\/wp-json\/wp\/v2\/categories?post=7747"},{"taxonomy":"post_tag","embeddable":true,"href":"https:\/\/www.oparanews.com.br\/index.php\/wp-json\/wp\/v2\/tags?post=7747"}],"curies":[{"name":"wp","href":"https:\/\/api.w.org\/{rel}","templated":true}]}}