{"id":7758,"date":"2020-07-05T00:51:13","date_gmt":"2020-07-05T00:51:13","guid":{"rendered":"https:\/\/oparanews.com.br\/?p=7758"},"modified":"2020-07-05T00:51:13","modified_gmt":"2020-07-05T00:51:13","slug":"penedo-tem-284-pessoas-recuperadas-da-covid-19","status":"publish","type":"post","link":"https:\/\/www.oparanews.com.br\/index.php\/2020\/07\/05\/penedo-tem-284-pessoas-recuperadas-da-covid-19\/","title":{"rendered":"Penedo tem 284 pessoas recuperadas da Covid-19"},"content":{"rendered":"<p>Duzentos e oitenta e quatro pessoas que estavam contaminadas por Covid-19 em Penedo j\u00e1 est\u00e3o recuperadas. A boa not\u00edcia consta no boletim epidemiol\u00f3gico divulgado neste s\u00e1bado, 04 de julho, pela Secretaria Municipal de Sa\u00fade (SEMS).<\/p>\n<p>Os dados que n\u00e3o apresentam altera\u00e7\u00e3o em rela\u00e7\u00e3o ao boletim de ontem registram tamb\u00e9m 394 casos descartados, 563 em situa\u00e7\u00e3o de monitoramento, 448 pessoas infectadas pelo novo coronav\u00edrus, quatro sob suspeita e seis \u00f3bitos.<\/p>\n<p>Em Alagoas, segundo o boletim de hoje da Secretaria de Estado da Sa\u00fade (Sesau), quase 40 mil casos (39.255) est\u00e3o confirmados do novo coronav\u00edrus, dos quais 7.717 est\u00e3o em isolamento domiciliar e 253 internados em leitos p\u00fablicos e privados.<\/p>\n<p>Ainda de acordo com a Sesau, outros 30.695 pacientes j\u00e1 finalizaram o per\u00edodo de isolamento, n\u00e3o apresentam mais sintomas e, portanto, est\u00e3o recuperados da doen\u00e7a com 1.134 \u00f3bitos no estado at\u00e9 hoje. e 2.340 casos suspeitos.<\/p>\n<p>No Brasil, pelo quinto dia consecutivo, a Covid-19 faz mais de mil mortos no per\u00edodo de 24 horas, dado que comprova a gravidade do problema no pa\u00eds que soma mais de um milh\u00e3o de pessoas contaminadas (1.577.004), 64.265 mortes e 876.359 pacientes curados, segundo dados do Minist\u00e9rio da Sa\u00fade.<\/p>\n<p>&nbsp;<\/p>\n<p><strong>por Fernando Vin\u00edcius \u2013 Decom PMP<\/strong><\/p>\n<p>&nbsp;<\/p>\n","protected":false},"excerpt":{"rendered":"<p>Duzentos e oitenta e quatro pessoas que estavam contaminadas por Covid-19 em Penedo j\u00e1 est\u00e3o recuperadas. A boa not\u00edcia consta no boletim epidemiol\u00f3gico divulgado neste s\u00e1bado, 04 de julho, pela Secretaria Municipal de Sa\u00fade (SEMS). Os dados que n\u00e3o apresentam altera\u00e7\u00e3o em rela\u00e7\u00e3o ao boletim de ontem registram tamb\u00e9m 394 casos descartados, 563 em situa\u00e7\u00e3o &hellip;<\/p>\n","protected":false},"author":1,"featured_media":7759,"comment_status":"open","ping_status":"open","sticky":false,"template":"","format":"standard","meta":{"_jetpack_newsletter_access":"","_jetpack_dont_email_post_to_subs":false,"_jetpack_newsletter_tier_id":0,"_jetpack_memberships_contains_paywalled_content":false,"_jetpack_memberships_contains_paid_content":false,"footnotes":""},"categories":[1],"tags":[],"class_list":["post-7758","post","type-post","status-publish","format-standard","has-post-thumbnail","hentry","category-destaque"],"jetpack_sharing_enabled":true,"jetpack_featured_media_url":"","_links":{"self":[{"href":"https:\/\/www.oparanews.com.br\/index.php\/wp-json\/wp\/v2\/posts\/7758","targetHints":{"allow":["GET"]}}],"collection":[{"href":"https:\/\/www.oparanews.com.br\/index.php\/wp-json\/wp\/v2\/posts"}],"about":[{"href":"https:\/\/www.oparanews.com.br\/index.php\/wp-json\/wp\/v2\/types\/post"}],"author":[{"embeddable":true,"href":"https:\/\/www.oparanews.com.br\/index.php\/wp-json\/wp\/v2\/users\/1"}],"replies":[{"embeddable":true,"href":"https:\/\/www.oparanews.com.br\/index.php\/wp-json\/wp\/v2\/comments?post=7758"}],"version-history":[{"count":0,"href":"https:\/\/www.oparanews.com.br\/index.php\/wp-json\/wp\/v2\/posts\/7758\/revisions"}],"wp:attachment":[{"href":"https:\/\/www.oparanews.com.br\/index.php\/wp-json\/wp\/v2\/media?parent=7758"}],"wp:term":[{"taxonomy":"category","embeddable":true,"href":"https:\/\/www.oparanews.com.br\/index.php\/wp-json\/wp\/v2\/categories?post=7758"},{"taxonomy":"post_tag","embeddable":true,"href":"https:\/\/www.oparanews.com.br\/index.php\/wp-json\/wp\/v2\/tags?post=7758"}],"curies":[{"name":"wp","href":"https:\/\/api.w.org\/{rel}","templated":true}]}}