{"id":7761,"date":"2020-07-05T00:54:05","date_gmt":"2020-07-05T00:54:05","guid":{"rendered":"https:\/\/oparanews.com.br\/?p=7761"},"modified":"2020-07-05T00:54:05","modified_gmt":"2020-07-05T00:54:05","slug":"luxemburgo-e-diagnosticado-com-o-coronavirus","status":"publish","type":"post","link":"https:\/\/www.oparanews.com.br\/index.php\/2020\/07\/05\/luxemburgo-e-diagnosticado-com-o-coronavirus\/","title":{"rendered":"Luxemburgo \u00e9 diagnosticado com o coronav\u00edrus"},"content":{"rendered":"<p>Vanderlei Luxemburgo, t\u00e9cnico do Palmeiras, foi diagnosticado com o coronav\u00edrus, ap\u00f3s exames realizados nesta sexta-feira pela comiss\u00e3o m\u00e9dica do clube. O treinador j\u00e1 est\u00e1 sob cuidados m\u00e9dicos e isolado em sua casa.<\/p>\n<p>&#8220;Gostaria de passar tranquilidade a todos. Eu dei positivo para a covid-19, mas estou assintom\u00e1tico, sem dores, tranquilo e em breve estarei de volta&#8221;, afirmou o treinador em um v\u00eddeo nas redes sociais.<\/p>\n<p>Luxemburgo havia voltado ao trabalho nesta sexta-feira, quando foi testado antes de orientar os treinos para a equipe palmeirense. O t\u00e9cnico havia sido submetido no dia 25 a uma cirurgia para a retirada da ves\u00edcula.<\/p>\n<p>Em novembro do ano passado, quando estava no comando do Vasco, o treinador, de 68 anos, foi diagnosticado com c\u00e2ncer de pele. O treinador removeu tr\u00eas manchas do nariz para realizar uma bi\u00f3psia, que constatou que uma delas era maligna. Ele passou por uma cirurgia de raspagem para remover o restante do material do nariz.<\/p>\n<p><strong>Fonte: Terra<\/strong><\/p>\n<p>&nbsp;<\/p>\n","protected":false},"excerpt":{"rendered":"<p>Vanderlei Luxemburgo, t\u00e9cnico do Palmeiras, foi diagnosticado com o coronav\u00edrus, ap\u00f3s exames realizados nesta sexta-feira pela comiss\u00e3o m\u00e9dica do clube. O treinador j\u00e1 est\u00e1 sob cuidados m\u00e9dicos e isolado em sua casa. &#8220;Gostaria de passar tranquilidade a todos. Eu dei positivo para a covid-19, mas estou assintom\u00e1tico, sem dores, tranquilo e em breve estarei de &hellip;<\/p>\n","protected":false},"author":1,"featured_media":7762,"comment_status":"open","ping_status":"open","sticky":false,"template":"","format":"standard","meta":{"_jetpack_newsletter_access":"","_jetpack_dont_email_post_to_subs":false,"_jetpack_newsletter_tier_id":0,"_jetpack_memberships_contains_paywalled_content":false,"_jetpack_memberships_contains_paid_content":false,"footnotes":""},"categories":[1],"tags":[],"class_list":["post-7761","post","type-post","status-publish","format-standard","has-post-thumbnail","hentry","category-destaque"],"jetpack_sharing_enabled":true,"jetpack_featured_media_url":"","_links":{"self":[{"href":"https:\/\/www.oparanews.com.br\/index.php\/wp-json\/wp\/v2\/posts\/7761","targetHints":{"allow":["GET"]}}],"collection":[{"href":"https:\/\/www.oparanews.com.br\/index.php\/wp-json\/wp\/v2\/posts"}],"about":[{"href":"https:\/\/www.oparanews.com.br\/index.php\/wp-json\/wp\/v2\/types\/post"}],"author":[{"embeddable":true,"href":"https:\/\/www.oparanews.com.br\/index.php\/wp-json\/wp\/v2\/users\/1"}],"replies":[{"embeddable":true,"href":"https:\/\/www.oparanews.com.br\/index.php\/wp-json\/wp\/v2\/comments?post=7761"}],"version-history":[{"count":0,"href":"https:\/\/www.oparanews.com.br\/index.php\/wp-json\/wp\/v2\/posts\/7761\/revisions"}],"wp:attachment":[{"href":"https:\/\/www.oparanews.com.br\/index.php\/wp-json\/wp\/v2\/media?parent=7761"}],"wp:term":[{"taxonomy":"category","embeddable":true,"href":"https:\/\/www.oparanews.com.br\/index.php\/wp-json\/wp\/v2\/categories?post=7761"},{"taxonomy":"post_tag","embeddable":true,"href":"https:\/\/www.oparanews.com.br\/index.php\/wp-json\/wp\/v2\/tags?post=7761"}],"curies":[{"name":"wp","href":"https:\/\/api.w.org\/{rel}","templated":true}]}}