{"id":7767,"date":"2020-07-05T14:29:13","date_gmt":"2020-07-05T14:29:13","guid":{"rendered":"https:\/\/oparanews.com.br\/?p=7767"},"modified":"2020-07-05T14:29:13","modified_gmt":"2020-07-05T14:29:13","slug":"campanha-eleitoral-de-2020-pode-ficar-sem-comicios-e-aglomeracoes","status":"publish","type":"post","link":"https:\/\/www.oparanews.com.br\/index.php\/2020\/07\/05\/campanha-eleitoral-de-2020-pode-ficar-sem-comicios-e-aglomeracoes\/","title":{"rendered":"Campanha eleitoral de 2020 pode ficar sem com\u00edcios e aglomera\u00e7\u00f5es"},"content":{"rendered":"<p>O Projeto de Lei 3602\/20 pro\u00edbe, enquanto perdurar o estado de emerg\u00eancia de sa\u00fade p\u00fablica decorrente do novo coronav\u00edrus, a realiza\u00e7\u00e3o de com\u00edcios e demais eventos de campanha eleitoral que gerem aglomera\u00e7\u00e3o de pessoas.<\/p>\n<p>Pelo texto em an\u00e1lise na C\u00e2mara dos Deputados, caber\u00e1 ao Tribunal Superior Eleitoral (TSE), em conson\u00e2ncia com a Ag\u00eancia Nacional de Vigil\u00e2ncia Sanit\u00e1ria (Anvisa), editar regulamento com medidas que garantam a seguran\u00e7a sanit\u00e1ria de mes\u00e1rios e eleitores durante a vota\u00e7\u00e3o para elei\u00e7\u00e3o de prefeitos e vereadores em 2020, incluindo aquelas necess\u00e1rias \u00e0 manuten\u00e7\u00e3o do devido distanciamento social.<\/p>\n<p>O regulamento dever\u00e1 ser divulgado pelo menos 30 dias antes do primeiro turno das elei\u00e7\u00f5es.<\/p>\n<p>Autor do projeto, o deputado T\u00falio Gad\u00ealha (PDT-PE) disse que t\u00e3o importante quanto conter o atual surto de coronav\u00edrus, \u00e9 essencial evitar que surjam novos. \u201cMesmo que nos pr\u00f3ximos meses o surto mais grave seja controlado, apenas a manuten\u00e7\u00e3o de medidas sanit\u00e1rias corretas garantir\u00e1 a preserva\u00e7\u00e3o de nossa sa\u00fade\u201d, destacou. \u201cPossu\u00edmos ferramentas digitais que podem nos auxiliar e sanar a lacuna deixada pela proibi\u00e7\u00e3o de com\u00edcios\u201d, completou.<\/p>\n<p>De acordo com a Emenda Constitucional 107, os dois turnos das elei\u00e7\u00f5es ser\u00e3o realizados nos dias 15 e 29 de novembro.<\/p>\n<p>&nbsp;<\/p>\n<p><strong>Fonte: Ag\u00eancia C\u00e2mara<\/strong><\/p>\n<p>&nbsp;<\/p>\n","protected":false},"excerpt":{"rendered":"<p>O Projeto de Lei 3602\/20 pro\u00edbe, enquanto perdurar o estado de emerg\u00eancia de sa\u00fade p\u00fablica decorrente do novo coronav\u00edrus, a realiza\u00e7\u00e3o de com\u00edcios e demais eventos de campanha eleitoral que gerem aglomera\u00e7\u00e3o de pessoas. Pelo texto em an\u00e1lise na C\u00e2mara dos Deputados, caber\u00e1 ao Tribunal Superior Eleitoral (TSE), em conson\u00e2ncia com a Ag\u00eancia Nacional de &hellip;<\/p>\n","protected":false},"author":1,"featured_media":7768,"comment_status":"open","ping_status":"open","sticky":false,"template":"","format":"standard","meta":{"_jetpack_newsletter_access":"","_jetpack_dont_email_post_to_subs":false,"_jetpack_newsletter_tier_id":0,"_jetpack_memberships_contains_paywalled_content":false,"_jetpack_memberships_contains_paid_content":false,"footnotes":""},"categories":[1],"tags":[],"class_list":["post-7767","post","type-post","status-publish","format-standard","has-post-thumbnail","hentry","category-destaque"],"jetpack_sharing_enabled":true,"jetpack_featured_media_url":"","_links":{"self":[{"href":"https:\/\/www.oparanews.com.br\/index.php\/wp-json\/wp\/v2\/posts\/7767","targetHints":{"allow":["GET"]}}],"collection":[{"href":"https:\/\/www.oparanews.com.br\/index.php\/wp-json\/wp\/v2\/posts"}],"about":[{"href":"https:\/\/www.oparanews.com.br\/index.php\/wp-json\/wp\/v2\/types\/post"}],"author":[{"embeddable":true,"href":"https:\/\/www.oparanews.com.br\/index.php\/wp-json\/wp\/v2\/users\/1"}],"replies":[{"embeddable":true,"href":"https:\/\/www.oparanews.com.br\/index.php\/wp-json\/wp\/v2\/comments?post=7767"}],"version-history":[{"count":0,"href":"https:\/\/www.oparanews.com.br\/index.php\/wp-json\/wp\/v2\/posts\/7767\/revisions"}],"wp:attachment":[{"href":"https:\/\/www.oparanews.com.br\/index.php\/wp-json\/wp\/v2\/media?parent=7767"}],"wp:term":[{"taxonomy":"category","embeddable":true,"href":"https:\/\/www.oparanews.com.br\/index.php\/wp-json\/wp\/v2\/categories?post=7767"},{"taxonomy":"post_tag","embeddable":true,"href":"https:\/\/www.oparanews.com.br\/index.php\/wp-json\/wp\/v2\/tags?post=7767"}],"curies":[{"name":"wp","href":"https:\/\/api.w.org\/{rel}","templated":true}]}}